{"id":59125,"date":"2017-10-17T00:00:00","date_gmt":"2017-10-17T06:00:00","guid":{"rendered":"https:\/\/dralvarez.com.mx\/larevista\/blog\/fiesta-de-muertos-atrae-a-turistas-nacionales-y-extranjeros-18737"},"modified":"2017-10-17T00:00:00","modified_gmt":"2017-10-17T06:00:00","slug":"fiesta-de-muertos-atrae-a-turistas-nacionales-y-extranjeros-18737","status":"publish","type":"post","link":"https:\/\/dralvarez.com.mx\/larevista\/yucatan\/fiesta-de-muertos-atrae-a-turistas-nacionales-y-extranjeros-18737","title":{"rendered":"Fiesta de muertos atrae a turistas nacionales y extranjeros"},"content":{"rendered":"<\/p>\n<p>M\u00e9rida, Yucat\u00e1n; 16 de octubre de 2017 (ACOM ).- Hoteleros yucatecos esperan el arribo del visitantes atra\u00eddos por la conmemoraci\u00f3n de D\u00eda de Muertos, festividad que es im\u00e1n de turistas entre finales de octubre y principios de noviembre.<\/p>\n<p>H\u00e9ctor Navarrete Medina, presidente de la Asociaci\u00f3n Mexicana de Hoteles en Yucat\u00e1n (AMHY), mencion\u00f3 que se espera un repunte en la ocupaci\u00f3n de cuartos durante la celebraci\u00f3n del Janal Pix\u00e1n, periodo en el que se realizar\u00e1n eventos culturales y art\u00edsticos relacionados con esta tradici\u00f3n.<\/p>\n<p>Dijo que la cultura y las tradiciones de la regi\u00f3n representan un motor para el turismo y la ocupaci\u00f3n de cuartos de hoteles, pues los visitantes vienen al estado para disfrutar de todo ello.<\/p>\n<p>Enfatiz\u00f3 en que el Festival de las \u00c1nimas, as\u00ed como la muestra de altares que se instala en la Plaza Grande de M\u00e9rida, atrae a personas de otros estados y pa\u00edses, quienes aprovechan para pasear por la capital y todo el estado.<\/p>\n<p>Navarrete Medina afirm\u00f3 que por ahora no se tiene un estimado en cuanto a la ocupaci\u00f3n, aunque insisti\u00f3 en que habr\u00e1 buenos resultados debido a la atracci\u00f3n que generan las festividades.<\/p><\/p>\n","protected":false},"excerpt":{"rendered":"<p>Hoteleros yucatecos esperan el arribo del visitantes atra\u00eddos por la conmemoraci\u00f3n de D\u00eda de Muertos, festividad que es im\u00e1n de turistas entre finales<\/p>\n","protected":false},"author":1018,"featured_media":0,"comment_status":"open","ping_status":"open","sticky":false,"template":"","format":"standard","meta":{"tdm_status":"","tdm_grid_status":"","footnotes":""},"categories":[21],"tags":[],"_links":{"self":[{"href":"https:\/\/dralvarez.com.mx\/larevista\/wp-json\/wp\/v2\/posts\/59125"}],"collection":[{"href":"https:\/\/dralvarez.com.mx\/larevista\/wp-json\/wp\/v2\/posts"}],"about":[{"href":"https:\/\/dralvarez.com.mx\/larevista\/wp-json\/wp\/v2\/types\/post"}],"author":[{"embeddable":true,"href":"https:\/\/dralvarez.com.mx\/larevista\/wp-json\/wp\/v2\/users\/1018"}],"replies":[{"embeddable":true,"href":"https:\/\/dralvarez.com.mx\/larevista\/wp-json\/wp\/v2\/comments?post=59125"}],"version-history":[{"count":0,"href":"https:\/\/dralvarez.com.mx\/larevista\/wp-json\/wp\/v2\/posts\/59125\/revisions"}],"wp:attachment":[{"href":"https:\/\/dralvarez.com.mx\/larevista\/wp-json\/wp\/v2\/media?parent=59125"}],"wp:term":[{"taxonomy":"category","embeddable":true,"href":"https:\/\/dralvarez.com.mx\/larevista\/wp-json\/wp\/v2\/categories?post=59125"},{"taxonomy":"post_tag","embeddable":true,"href":"https:\/\/dralvarez.com.mx\/larevista\/wp-json\/wp\/v2\/tags?post=59125"}],"curies":[{"name":"wp","href":"https:\/\/api.w.org\/{rel}","templated":true}]}}