{"id":59124,"date":"2017-10-17T00:00:00","date_gmt":"2017-10-17T06:00:00","guid":{"rendered":"https:\/\/dralvarez.com.mx\/larevista\/blog\/empresarios-pediran-a-candidatos-mejorar-el-transporte-publico-18736"},"modified":"2017-10-17T00:00:00","modified_gmt":"2017-10-17T06:00:00","slug":"empresarios-pediran-a-candidatos-mejorar-el-transporte-publico-18736","status":"publish","type":"post","link":"https:\/\/dralvarez.com.mx\/larevista\/yucatan\/empresarios-pediran-a-candidatos-mejorar-el-transporte-publico-18736","title":{"rendered":"Empresarios pedir\u00e1n a candidatos mejorar el transporte p\u00fablico"},"content":{"rendered":"<\/p>\n<p>M\u00e9rida, Yucat\u00e1n; 16 de octubre de 2017 (ACOM).- Mejoras al sistema de transporte p\u00fablico en todo el pa\u00eds, as\u00ed como diversas disposiciones en torno a la situaci\u00f3n de las gasolinas ser\u00e1n parte de los cuestionamientos que har\u00eda el sector empresarial a quienes aspiren a ocupar los cargos p\u00fablicos, consider\u00f3 Jos\u00e9 Manuel L\u00f3pez Campos, secretario general de la Confederaci\u00f3n de C\u00e1maras Nacionales de Comercio (Concanaco).<\/p>\n<p>Seg\u00fan el ex dirigente de los comerciantes en M\u00e9rida, se\u00f1al\u00f3 que esta situaci\u00f3n se deber\u00eda a que los costos de las gasolinas tendr\u00e1n variaciones importantes debido a que el petr\u00f3leo como energ\u00e9tico est\u00e1 sufriendo cambios para demeritar su uso a nivel mundial. <\/p>\n<p>&#8220;Hay una corriente mundial en la que se est\u00e1 gravando m\u00e1s el costo del petr\u00f3leo. Hay pa\u00edses como Francia y Holanda que est\u00e1n terminando con el consumo de gas, aunque esto no puede hacerse de manera directa en M\u00e9xico&#8221;, apunt\u00f3.<\/p>\n<p>L\u00f3pez Campos mencion\u00f3 que M\u00e9xico tiene una limitante en el servicio de transporte p\u00fablico, el cual presenta deficiencias importantes y no permite una disminuci\u00f3n en el uso del transporte privado, por lo que ser\u00eda un tema para abordarse durante las campa\u00f1as pol\u00edticas.<\/p>\n<p>&#8220;Es una de las cosas que se pedir\u00e1 a los candidatos, junto con la situaci\u00f3n de las gasolinas, as\u00ed como los temas de relevancia en el tema de salud, educaci\u00f3n y empleo&#8221;, extern\u00f3.<\/p>\n<p>&#8220;Ya se dio la reforma energ\u00e9tica, abriendo el mercado permitiendo el ingreso de compa\u00f1\u00edas a explorar en busca de petr\u00f3leo. Llegamos tarde a la reforma pero es el tiempo de hacerla funcionar&#8221;, finaliz\u00f3.<\/p><\/p>\n","protected":false},"excerpt":{"rendered":"<p>Mejoras al sistema de transporte p\u00fablico en todo el pa\u00eds, as\u00ed como diversas disposiciones en torno a la situaci\u00f3n de las gasolinas ser\u00e1n parte de los<\/p>\n","protected":false},"author":1018,"featured_media":0,"comment_status":"open","ping_status":"open","sticky":false,"template":"","format":"standard","meta":{"tdm_status":"","tdm_grid_status":"","footnotes":""},"categories":[21],"tags":[],"_links":{"self":[{"href":"https:\/\/dralvarez.com.mx\/larevista\/wp-json\/wp\/v2\/posts\/59124"}],"collection":[{"href":"https:\/\/dralvarez.com.mx\/larevista\/wp-json\/wp\/v2\/posts"}],"about":[{"href":"https:\/\/dralvarez.com.mx\/larevista\/wp-json\/wp\/v2\/types\/post"}],"author":[{"embeddable":true,"href":"https:\/\/dralvarez.com.mx\/larevista\/wp-json\/wp\/v2\/users\/1018"}],"replies":[{"embeddable":true,"href":"https:\/\/dralvarez.com.mx\/larevista\/wp-json\/wp\/v2\/comments?post=59124"}],"version-history":[{"count":0,"href":"https:\/\/dralvarez.com.mx\/larevista\/wp-json\/wp\/v2\/posts\/59124\/revisions"}],"wp:attachment":[{"href":"https:\/\/dralvarez.com.mx\/larevista\/wp-json\/wp\/v2\/media?parent=59124"}],"wp:term":[{"taxonomy":"category","embeddable":true,"href":"https:\/\/dralvarez.com.mx\/larevista\/wp-json\/wp\/v2\/categories?post=59124"},{"taxonomy":"post_tag","embeddable":true,"href":"https:\/\/dralvarez.com.mx\/larevista\/wp-json\/wp\/v2\/tags?post=59124"}],"curies":[{"name":"wp","href":"https:\/\/api.w.org\/{rel}","templated":true}]}}