{"id":59122,"date":"2017-10-17T00:00:00","date_gmt":"2017-10-17T06:00:00","guid":{"rendered":"https:\/\/dralvarez.com.mx\/larevista\/blog\/con-talleres-y-cursos-certificaran-oficios-en-yucatan-18734"},"modified":"2017-10-17T00:00:00","modified_gmt":"2017-10-17T06:00:00","slug":"con-talleres-y-cursos-certificaran-oficios-en-yucatan-18734","status":"publish","type":"post","link":"https:\/\/dralvarez.com.mx\/larevista\/yucatan\/con-talleres-y-cursos-certificaran-oficios-en-yucatan-18734","title":{"rendered":"Con talleres y cursos certificar\u00e1n oficios en Yucat\u00e1n"},"content":{"rendered":"<p>M\u00e9rida, Yucat\u00e1n; 16 de octubre de 2017.- Con la participaci\u00f3n de m\u00e1s de 300 personas, arrancaron formalmente los cursos y talleres de la plataforma Bien Hecho Yucat\u00e1n que capacitar\u00e1 y profesionalizar\u00e1 a todos aquellos que deseen aprender un oficio o certificar sus conocimientos y competencias adquiridas.<\/p>\n<p><\/p>\n<\/p>\n<p>\u201cEl maestro es muy responsable y serio en su trabajo, tiene sus objetivos muy claros de principio a fin y eso me hace sentir segura de que lo que estoy tomando realmente me va a servir. En la preparatoria tom\u00e9 taller de electricidad y esto lo vi como una buena oportunidad para continuar mi adiestramiento\u201d, declar\u00f3 Carol P\u00e9rez Caamal, en su primer d\u00eda.<\/p>\n<p>Por su parte, Margarita V\u00e1zquez Gonz\u00e1lez es due\u00f1a de un ciber y a sus 50 a\u00f1os se inscribi\u00f3 al curso de Computaci\u00f3n para seguir conociendo del manejo de equipos de c\u00f3mputo y mejorar su negocio. \u201cMi hijo me mostr\u00f3 el folleto y decid\u00ed acudir porque quiero saber m\u00e1s sobre el uso de la computadora. Creo que puede ayudarme a atender mejor a los clientes\u201d, afirm\u00f3.<\/p>\n<p>El programa comenz\u00f3 con un total de 310 alumnos, distribuidos en 16 grupos que asisten en horarios de 9:00 a 12:00 y de 16:00 a 19:00 horas, a los talleres de Est\u00e9tica y decoraci\u00f3n de manos, Electricidad general y Automotriz, Plomer\u00eda, Computaci\u00f3n y Carpinter\u00eda con tarimas.<\/p>\n<p>Al realizar un recorrido por las aulas, el titular de la Secretar\u00eda de Educaci\u00f3n (Segey), V\u00edctor Caballero Dur\u00e1n, manifest\u00f3 su satisfacci\u00f3n al ver c\u00f3mo los estudiantes demuestran su inter\u00e9s por formalizar los saberes, que muchas veces adquieren de manera emp\u00edrica, y as\u00ed poder contar con un documento de validez oficial que les permita prestar un mejor servicio y superarse dentro de alguna organizaci\u00f3n.<\/p>\n<p>\u201cEsta primera fase tiene como prop\u00f3sito atender a quienes trabajan por su cuenta. El pr\u00f3ximo mes, a mediados de noviembre, vamos a empezar con lo correspondiente a formaci\u00f3n para las empresas\u201d, indic\u00f3.<\/p>\n<p>Algunas de las sedes donde iniciaron actividades son el Instituto de Capacitaci\u00f3n para el Trabajo (Icatey), los Centros de Desarrollo Educativo \u201cInal\u00e1mbrica\u201d y \u201cPaulo Freire\u201d, y el Instituto de Formaci\u00f3n Asociaci\u00f3n y Logros (IFAL).<\/p>\n<p>Bien Hecho Yucat\u00e1n abre espacios de oportunidad para aquellos adultos que est\u00e1n en el sector productivo y as\u00ed busca lograr que la educaci\u00f3n llegue mucho m\u00e1s all\u00e1 de lo que se imparte formalmente en las aulas.<\/p>\n<p>Para conocer la lista completa de lugares, costos y requisitos de inscripci\u00f3n, se puede acceder a la p\u00e1gina <strong><a target=\"_blank\" rel=\"nofollow noopener\" href=\"http:\/\/www.bienhechoyucatan.com\/\">www.bienhechoyucatan.com<\/a><\/strong>.<\/p><\/p>\n","protected":false},"excerpt":{"rendered":"<p>Con la participaci\u00f3n de m\u00e1s de 300 personas, arrancaron formalmente los cursos y talleres de la plataforma Bien Hecho Yucat\u00e1n que capacitar\u00e1 y profesi<\/p>\n","protected":false},"author":1018,"featured_media":0,"comment_status":"open","ping_status":"open","sticky":false,"template":"","format":"standard","meta":{"tdm_status":"","tdm_grid_status":"","footnotes":""},"categories":[21],"tags":[],"_links":{"self":[{"href":"https:\/\/dralvarez.com.mx\/larevista\/wp-json\/wp\/v2\/posts\/59122"}],"collection":[{"href":"https:\/\/dralvarez.com.mx\/larevista\/wp-json\/wp\/v2\/posts"}],"about":[{"href":"https:\/\/dralvarez.com.mx\/larevista\/wp-json\/wp\/v2\/types\/post"}],"author":[{"embeddable":true,"href":"https:\/\/dralvarez.com.mx\/larevista\/wp-json\/wp\/v2\/users\/1018"}],"replies":[{"embeddable":true,"href":"https:\/\/dralvarez.com.mx\/larevista\/wp-json\/wp\/v2\/comments?post=59122"}],"version-history":[{"count":0,"href":"https:\/\/dralvarez.com.mx\/larevista\/wp-json\/wp\/v2\/posts\/59122\/revisions"}],"wp:attachment":[{"href":"https:\/\/dralvarez.com.mx\/larevista\/wp-json\/wp\/v2\/media?parent=59122"}],"wp:term":[{"taxonomy":"category","embeddable":true,"href":"https:\/\/dralvarez.com.mx\/larevista\/wp-json\/wp\/v2\/categories?post=59122"},{"taxonomy":"post_tag","embeddable":true,"href":"https:\/\/dralvarez.com.mx\/larevista\/wp-json\/wp\/v2\/tags?post=59122"}],"curies":[{"name":"wp","href":"https:\/\/api.w.org\/{rel}","templated":true}]}}