{"id":59121,"date":"2017-10-17T00:00:00","date_gmt":"2017-10-17T06:00:00","guid":{"rendered":"https:\/\/dralvarez.com.mx\/larevista\/blog\/exponen-avances-de-comunidad-diferente-18733"},"modified":"2017-10-17T00:00:00","modified_gmt":"2017-10-17T06:00:00","slug":"exponen-avances-de-comunidad-diferente-18733","status":"publish","type":"post","link":"https:\/\/dralvarez.com.mx\/larevista\/yucatan\/exponen-avances-de-comunidad-diferente-18733","title":{"rendered":"Exponen avances de Comunidad DIFerente"},"content":{"rendered":"<\/p>\n<p>Oxkutzcab, Yucat\u00e1n, 16 de octubre de 2017.- &#8220;Nos ocupamos de<br \/>\nque los 106 municipios de Yucat\u00e1n, por igual, tengan las mejores condiciones y<br \/>\nrecursos para avanzar de manera m\u00e1s r\u00e1pida\u201d, se\u00f1al\u00f3 la titular del Sistema<br \/>\nNacional para el Desarrollo Integral de la Familia (SNDIF), Laura Barrera<br \/>\nFortoul, en el marco de la celebraci\u00f3n del D\u00eda Mundial de la Alimentaci\u00f3n.<\/p>\n<p>Ante la Presidenta y el director General del DIF estatal, Sarita<br \/>\nBlancarte de Zapata, y Jos\u00e9 Limber Sosa Lara, respectivamente, la funcionaria record\u00f3<br \/>\nla firma por casi 16 millones de pesos que, aunados a los 200 millones de pesos<br \/>\ndestinados a programas de alimentaci\u00f3n, servir\u00e1n para fortalecer a Comunidad<br \/>\nDIFerente.<\/p>\n<p>Como parte de la ceremonia, llevada  a cabo en Xul, Oxkutzcab<br \/>\ncon el lema &#8220;Cambiar el futuro de la migraci\u00f3n, invertir en seguridad<br \/>\nalimentaria y desarrollo rural&#8221;, Sosa Lara refrend\u00f3 el compromiso del<br \/>\nGobierno del Estado de asegurar las condiciones que permitan a los habitantes<br \/>\nde las poblaciones rurales acceder a mejores condiciones de vida.<\/p>\n<p>&#8220;Nosotros s\u00f3lo estamos acompa\u00f1ando este crecimiento,<br \/>\nrealmente es un ejercicio de la comunidad, que ya est\u00e1 caminando de manera<br \/>\nindependiente, como muchas otras. Lo m\u00e1s importante es que los integrantes de<br \/>\nlos Grupos de Desarrollo hoy nos digan \u2018puedo, s\u00ed puedo\u2019, es por eso que<br \/>\nnuestros esfuerzos deben de estar firmes, para darle continuidad a los<br \/>\nproyectos y seguir produciendo en nuestras comunidades y poder brindarle a<br \/>\nnuestra ni\u00f1ez un sano desarrollo&#8221;, puntualiz\u00f3.<\/p>\n<p>En presencia del alcalde anfitri\u00f3n, Ra\u00fal Romero Chel, Sosa Lara le<br \/>\ncedi\u00f3 el micr\u00f3fono a Margarita, Alma y Julia, tres mujeres de localidades en<br \/>\nsituaci\u00f3n vulnerable que compartieron su testimonio, ya que gracias a los<br \/>\nesquemas que ofrece el DIF convirtieron sus patios en espacios para generar<br \/>\ningresos, que han logrado &nbsp;impactar positivamente &nbsp;en sus vidas y su<br \/>\npoblaci\u00f3n.<\/p>\n<p>\u201cGracias a los apoyos que nos han dado, hemos podido trabajar<br \/>\ndesde huertos org\u00e1nicos, donde cultivamos nuestros propios insumos, hasta<br \/>\nmaquinaria para confecci\u00f3n en los talleres del DIF. Con eso, ahora les hacemos<br \/>\na nuestros hijos su ropa en lugar de salir a otros poblados e incurrir en un<br \/>\ngasto que bien podemos nosotros producirlo\u201d, dijo Margarita, proveniente de<br \/>\nCatamayec.<\/p>\n<p>Antes de concluir el acto protocolario, las autoridades entregaron<br \/>\nequipamiento para el nuevo Espacio de Alimentaci\u00f3n, Encuentro y Desarrollo<br \/>\n(EAED) n\u00famero 242, que const\u00f3 de licuadoras, ollas industriales, platos, vasos,<br \/>\ncubiertos, mesas, estantes, estufa y refrigerador. All\u00ed, se les otorgar\u00e1 a m\u00e1s de<br \/>\n100 beneficiarios, de lunes a viernes, un platillo completo y sano.<\/p>\n<p>De igual modo, los ni\u00f1os Benjam\u00edn Pool Chin de Kantirix, Tepak\u00e1n;<br \/>\nAlan Cetz de Holact\u00fan, Sey\u00e9, y Mareli Eb Mukul de Tixcochoh, Tekant\u00f3,<br \/>\nrecibieron una bicicleta nueva como premio por haber ganado el tradicional<br \/>\nconcurso de dibujo con el tema de dicha efem\u00e9ride, que fue proclamada en 1979<br \/>\npor la Organizaci\u00f3n de las Naciones Unidas para la Agricultura y la<br \/>\nAlimentaci\u00f3n (FAO).<\/p>\n<p>En este encuentro se reuni\u00f3 a 55 localidades y se instal\u00f3 una feria<br \/>\ngastron\u00f3mica y artesanal, en la que los Grupos de Desarrollo de Comunidad<br \/>\nDIFerente mostraron los avances que han logrado con sus proyectos como huertos,<br \/>\nzapater\u00eda, manejo cerdo pel\u00f3n mexicano y panader\u00eda, entre otros. Adem\u00e1s,<br \/>\nexpusieron las Universidades de Oriente de Valladolid y Tecnol\u00f3gica del Mayab.<\/p>\n<p>&#8220;En el programa somos 10 mujeres que llevamos nueve a\u00f1os<br \/>\ndesarrollando diferentes apoyos; hace dos que nos dieron los cerditos pelones y<br \/>\nlos hemos reproducido y comercializado. Hoy por hoy, gracias a la capacitaci\u00f3n<br \/>\nde productos c\u00e1rnicos que tomamos ya tenemos el valor agregado de hacer jam\u00f3n<br \/>\nahumado, longaniza, queso, embutidos y compuestos&#8221;, expres\u00f3 la promotora<br \/>\nDIF de Kantirix, Gabriela Cen Perera.<\/p>\n<p>Durante el recorrido, los funcionarios federales y estatales<br \/>\nconstataron las actividades del Jard\u00edn Bot\u00e1nico, donde oriundos del municipio<br \/>\nexplicaron que elaboran insumos medicinales a base de plantas que ellos mismos<br \/>\ncultivan.<\/p>\n<p>Asimismo, para que las m\u00e1s de 20 mujeres que integran el Grupo de<br \/>\nXul apliquen lo que aprendieron en su taller de panader\u00eda, se inaugur\u00f3 el<br \/>\nestablecimiento Pan Dulce, que cuenta con un horno y las materias primas para<br \/>\nque inicien los trabajos de elaboraci\u00f3n y comercializaci\u00f3n de conchas, trenzas,<br \/>\npizzas, panqu\u00e9s y franc\u00e9s.<\/p>\n<p>Estuvieron presentes con su estand el titular de la Secretar\u00eda de<br \/>\nDesarrollo Rural (Seder), Juan Jos\u00e9 Canul P\u00e9rez, as\u00ed como los delegados locales<br \/>\nde la Comisi\u00f3n Nacional para el Desarrollo de los Pueblos Ind\u00edgenas (CDI),<br \/>\nJes\u00fas Vidal Peniche; de la Secretar\u00eda de Desarrollo Social (Sedesol), Miguel<br \/>\nEnr\u00edquez L\u00f3pez, y de la Secretar\u00eda de Agricultura, Ganader\u00eda, Desarrollo Rural,<br \/>\nPesca y Alimentaci\u00f3n (Sagarpa), Pablo Castro Alcocer.<\/p><\/p>\n","protected":false},"excerpt":{"rendered":"<p>En el marco del D\u00eda Mundial de la Alimentaci\u00f3n, se inaugur\u00f3 un Espacio de Alimentaci\u00f3n y una panader\u00eda.<\/p>\n","protected":false},"author":1018,"featured_media":0,"comment_status":"open","ping_status":"open","sticky":false,"template":"","format":"standard","meta":{"tdm_status":"","tdm_grid_status":"","footnotes":""},"categories":[21],"tags":[],"_links":{"self":[{"href":"https:\/\/dralvarez.com.mx\/larevista\/wp-json\/wp\/v2\/posts\/59121"}],"collection":[{"href":"https:\/\/dralvarez.com.mx\/larevista\/wp-json\/wp\/v2\/posts"}],"about":[{"href":"https:\/\/dralvarez.com.mx\/larevista\/wp-json\/wp\/v2\/types\/post"}],"author":[{"embeddable":true,"href":"https:\/\/dralvarez.com.mx\/larevista\/wp-json\/wp\/v2\/users\/1018"}],"replies":[{"embeddable":true,"href":"https:\/\/dralvarez.com.mx\/larevista\/wp-json\/wp\/v2\/comments?post=59121"}],"version-history":[{"count":0,"href":"https:\/\/dralvarez.com.mx\/larevista\/wp-json\/wp\/v2\/posts\/59121\/revisions"}],"wp:attachment":[{"href":"https:\/\/dralvarez.com.mx\/larevista\/wp-json\/wp\/v2\/media?parent=59121"}],"wp:term":[{"taxonomy":"category","embeddable":true,"href":"https:\/\/dralvarez.com.mx\/larevista\/wp-json\/wp\/v2\/categories?post=59121"},{"taxonomy":"post_tag","embeddable":true,"href":"https:\/\/dralvarez.com.mx\/larevista\/wp-json\/wp\/v2\/tags?post=59121"}],"curies":[{"name":"wp","href":"https:\/\/api.w.org\/{rel}","templated":true}]}}