{"id":59096,"date":"2017-10-16T00:00:00","date_gmt":"2017-10-16T06:00:00","guid":{"rendered":"https:\/\/dralvarez.com.mx\/larevista\/blog\/crece-el-interes-del-gobierno-chino-por-merida-18707"},"modified":"2017-10-16T00:00:00","modified_gmt":"2017-10-16T06:00:00","slug":"crece-el-interes-del-gobierno-chino-por-merida-18707","status":"publish","type":"post","link":"https:\/\/dralvarez.com.mx\/larevista\/yucatan\/crece-el-interes-del-gobierno-chino-por-merida-18707","title":{"rendered":"Crece el inter\u00e9s del gobierno chino por M\u00e9rida"},"content":{"rendered":"<\/p>\n<div>Como resultado de las iniciativas del alcalde Mauricio Vila para fortalecer la relaci\u00f3n bilateral entre M\u00e9rida y &nbsp;la Rep\u00fablica Popular China, una delegaci\u00f3n del gobierno central de ese pa\u00eds lleg\u00f3 a \u00e9sta ciudad para promover m\u00e1s intercambios culturales y tur\u00edsticos.<\/div>\n<div><\/div>\n<div>El coordinador general de Pol\u00edtica Comunitaria, V\u00edctor Hugo Lozano inform\u00f3 que desde enero de 2016 y mayo de 2017, cuando el presidente municipal firm\u00f3 una carta de intenci\u00f3n de hermandad entre M\u00e9rida y se herman\u00f3 con Chengd\u00fa, respectivamente, la capital yucateca empieza a interesar a las autoridades centrales chinas.<\/div>\n<div><\/div>\n<div>-La visita de Lei Zhengang, director General de Asuntos Culturales del Ministerio de Relaciones Internacionales del Gobierno Central de la Rep\u00fablica Popular China, &nbsp;reviste particular importancia, pues se trata de uno de los 19 ministerios con mayor influencia en la pol\u00edtica exterior de este pa\u00eds, lo cual contribuir\u00e1 a generar alianzas que se traducir\u00e1n en una proyecci\u00f3n cultural y tur\u00edstica de M\u00e9rida,-expres\u00f3.<\/div>\n<div><\/div>\n<div>Explic\u00f3 que esta alianza se refleja en el inter\u00e9s de compa\u00f1\u00edas art\u00edsticas chinas de visitar M\u00e9rida para dar a conocer sus espect\u00e1culos,  tomando bajo su responsabilidad los gastos de traslado, as\u00ed como la realizaci\u00f3n de diversas ediciones de la Semana de China y las visitas de posibles inversores.<\/div>\n<div><\/div>\n<div>-En China se toma a M\u00e9rida como un referente de lo que es M\u00e9xico- declar\u00f3.<\/div>\n<div><\/div>\n<div>Lozano Poveda comparti\u00f3 ayer s\u00e1bado por la noche, el alcalde Mauricio Vila ofreci\u00f3 una cena de bienvenida a la delegaci\u00f3n china encabezada por Lei Zhengang, previo a los trabajos de intercambio que iniciar\u00e1n ma\u00f1ana lunes.<\/div>\n<div><\/div>\n<div>Le acompa\u00f1aron Maria Fritz Sierra, Secretaria Municipal,Carolina C\u00e1rdenas Sosa, Directora de Turismo y Promoci\u00f3n Econ\u00f3mica y Felipe Ahumada Vasconcelos, Director de Cultura.<\/div><\/p>\n","protected":false},"excerpt":{"rendered":"<p>El alcalde Mauricio Vila recibe a una delegaci\u00f3n del Gobierno Central de China.<\/p>\n","protected":false},"author":1018,"featured_media":0,"comment_status":"open","ping_status":"open","sticky":false,"template":"","format":"standard","meta":{"tdm_status":"","tdm_grid_status":"","footnotes":""},"categories":[21],"tags":[],"_links":{"self":[{"href":"https:\/\/dralvarez.com.mx\/larevista\/wp-json\/wp\/v2\/posts\/59096"}],"collection":[{"href":"https:\/\/dralvarez.com.mx\/larevista\/wp-json\/wp\/v2\/posts"}],"about":[{"href":"https:\/\/dralvarez.com.mx\/larevista\/wp-json\/wp\/v2\/types\/post"}],"author":[{"embeddable":true,"href":"https:\/\/dralvarez.com.mx\/larevista\/wp-json\/wp\/v2\/users\/1018"}],"replies":[{"embeddable":true,"href":"https:\/\/dralvarez.com.mx\/larevista\/wp-json\/wp\/v2\/comments?post=59096"}],"version-history":[{"count":0,"href":"https:\/\/dralvarez.com.mx\/larevista\/wp-json\/wp\/v2\/posts\/59096\/revisions"}],"wp:attachment":[{"href":"https:\/\/dralvarez.com.mx\/larevista\/wp-json\/wp\/v2\/media?parent=59096"}],"wp:term":[{"taxonomy":"category","embeddable":true,"href":"https:\/\/dralvarez.com.mx\/larevista\/wp-json\/wp\/v2\/categories?post=59096"},{"taxonomy":"post_tag","embeddable":true,"href":"https:\/\/dralvarez.com.mx\/larevista\/wp-json\/wp\/v2\/tags?post=59096"}],"curies":[{"name":"wp","href":"https:\/\/api.w.org\/{rel}","templated":true}]}}