{"id":59091,"date":"2017-10-16T00:00:00","date_gmt":"2017-10-16T06:00:00","guid":{"rendered":"https:\/\/dralvarez.com.mx\/larevista\/blog\/meridanos-pagaran-100-millones-de-pesos-menos-en-luz-daniel-avila-ruiz-18702"},"modified":"2017-10-16T00:00:00","modified_gmt":"2017-10-16T06:00:00","slug":"meridanos-pagaran-100-millones-de-pesos-menos-en-luz-daniel-avila-ruiz-18702","status":"publish","type":"post","link":"https:\/\/dralvarez.com.mx\/larevista\/yucatan\/meridanos-pagaran-100-millones-de-pesos-menos-en-luz-daniel-avila-ruiz-18702","title":{"rendered":"Meridanos pagar\u00e1n 100 millones de pesos menos en luz: Daniel \u00c1vila Ruiz"},"content":{"rendered":"<p>En un a\u00f1o los m\u00e1s de 892 mil meridanos se ahorrar\u00e1n 100 millones de pesos al entrar en vigor la nueva tarifa el\u00e9ctrica para el municipio de M\u00e9rida, asegur\u00f3 el senador Daniel \u00c1vila Ruiz, quien dio a conocer que debido a gestiones con autoridades competentes la reclasificaci\u00f3n es hoy una realidad.<\/p>\n<p>Esta semana,la Comisi\u00f3n Federal de Electricidad notific\u00f3 al legislador yucateco, la aprobaci\u00f3n de su petici\u00f3n, con la cual los m\u00e1s de 330 mil titulares de un contrato de servicio con la paraestatal, tendr\u00e1n una disminuci\u00f3n en el cobro bimestral de su recibo de energ\u00eda el\u00e9ctrica.<\/p>\n<p>El senador por el estado de Yucat\u00e1n se\u00f1al\u00f3 que esta era una de las peticiones m\u00e1s sentidas de los meridanos desde hace a\u00f1os y hoy los costos tan altos de energ\u00eda el\u00e9ctrica ya no ser\u00e1n una preocupaci\u00f3n.<\/p>\n<p>En este sentido, record\u00f3 que Yucat\u00e1n se encuentra ubicado en una de las regiones del pa\u00eds que presenta las temperaturas m\u00e1s altas durante el a\u00f1o, con variaciones en las distintas zonas de su territorio, siendo M\u00e9rida, la capital del estado, una de las zonas que durante los \u00faltimos cinco a\u00f1os ha registrado las temperaturas m\u00e1s altas durante el verano, por arriba de los 31 grados, de acuerdo con las mediciones de las temperaturas de los \u00faltimos seis a\u00f1os, reportadas al mes de mayo del 2017, por la Base A\u00e9rea Militar No. 8, de la Fuerza A\u00e9rea Mexicana de la Secretar\u00eda de la Defensa Nacional, y por el Servicio Meteorol\u00f3gico Nacional de la Comisi\u00f3n Nacional del Agua (CONAGUA).<\/p>\n<p>Esta situaci\u00f3n ha impactado directamente entre la poblaci\u00f3n, la cual ha tenido la necesidad de utilizar por periodos m\u00e1s prolongados sus aparatos el\u00e9ctricos para mitigar el calor, lo que ha repercutido en mayores costos en sus recibos, y en consecuencia se ha visto afectada su econom\u00eda familiar.<\/p>\n<p>Por esas razones \u00c1vila Ruiz ha venido gestionando ante las distintas autoridades federales competentes el cambio de tarifas el\u00e9ctricas para todo el municipio de M\u00e9rida, con la finalidad de lograr una reclasificaci\u00f3n que se refleje en la disminuci\u00f3n de costos para la ciudadan\u00eda.<\/p>\n<p>Finalmente, coment\u00f3 que el trabajo no fue f\u00e1cil, ya que se requiri\u00f3 de una fuerte inversi\u00f3n de tiempo y esfuerzo, \u201cfueron necesarias una serie de gestiones, estudios para justificar formalmente la reclasificaci\u00f3n a tarifas m\u00e1s bajas, dict\u00e1menes y an\u00e1lisis de datos, sin embargo la convicci\u00f3n, la suma de voluntades, esfuerzos y talentos nos llevaron a un resultado exitoso\u201d, pero todo el trabajo en beneficio de los meridanos vale la pena.<\/p>\n","protected":false},"excerpt":{"rendered":"<p>* Tras una extensa gesti\u00f3n ante autoridades competentes la nueva tarifa el\u00e9ctrica es una realidad.<\/p>\n","protected":false},"author":1018,"featured_media":0,"comment_status":"open","ping_status":"open","sticky":false,"template":"","format":"standard","meta":{"tdm_status":"","tdm_grid_status":"","footnotes":""},"categories":[21],"tags":[],"_links":{"self":[{"href":"https:\/\/dralvarez.com.mx\/larevista\/wp-json\/wp\/v2\/posts\/59091"}],"collection":[{"href":"https:\/\/dralvarez.com.mx\/larevista\/wp-json\/wp\/v2\/posts"}],"about":[{"href":"https:\/\/dralvarez.com.mx\/larevista\/wp-json\/wp\/v2\/types\/post"}],"author":[{"embeddable":true,"href":"https:\/\/dralvarez.com.mx\/larevista\/wp-json\/wp\/v2\/users\/1018"}],"replies":[{"embeddable":true,"href":"https:\/\/dralvarez.com.mx\/larevista\/wp-json\/wp\/v2\/comments?post=59091"}],"version-history":[{"count":0,"href":"https:\/\/dralvarez.com.mx\/larevista\/wp-json\/wp\/v2\/posts\/59091\/revisions"}],"wp:attachment":[{"href":"https:\/\/dralvarez.com.mx\/larevista\/wp-json\/wp\/v2\/media?parent=59091"}],"wp:term":[{"taxonomy":"category","embeddable":true,"href":"https:\/\/dralvarez.com.mx\/larevista\/wp-json\/wp\/v2\/categories?post=59091"},{"taxonomy":"post_tag","embeddable":true,"href":"https:\/\/dralvarez.com.mx\/larevista\/wp-json\/wp\/v2\/tags?post=59091"}],"curies":[{"name":"wp","href":"https:\/\/api.w.org\/{rel}","templated":true}]}}