{"id":59085,"date":"2017-10-16T00:00:00","date_gmt":"2017-10-16T06:00:00","guid":{"rendered":"https:\/\/dralvarez.com.mx\/larevista\/blog\/expoferia-del-comercio-2017-supero-las-expectativas-18696"},"modified":"2017-10-16T00:00:00","modified_gmt":"2017-10-16T06:00:00","slug":"expoferia-del-comercio-2017-supero-las-expectativas-18696","status":"publish","type":"post","link":"https:\/\/dralvarez.com.mx\/larevista\/yucatan\/expoferia-del-comercio-2017-supero-las-expectativas-18696","title":{"rendered":"Expoferia del Comercio 2017 super\u00f3 las expectativas"},"content":{"rendered":"<\/p>\n<p><b>M\u00e9rida, Yucat\u00e1n, 15 de octubre de<br \/>\n2017.-<\/b>&nbsp;La 19<br \/>\nedici\u00f3n de la Expoferia del Comercio de la C\u00e1mara Nacional de Comercio,<br \/>\nServicios y Turismo (CANACO SERVYTUR) de M\u00e9rida, super\u00f3 sus expectativas y<br \/>\nrecibi\u00f3 en su sede, el Centro de Convenciones Yucat\u00e1n Siglo XXI, a m\u00e1s de 300<br \/>\nmil personas.<\/p>\n<p>En su \u00faltimo d\u00eda de actividades los<br \/>\nsalones y pasillos donde se instalaron los 463 stands registraron una gran<br \/>\nafluencia de compradores, que aprovecharon el domingo para ir en familia a<br \/>\nrecorrer la Expoferia del Comercio, y adquirir alg\u00fan producto de l\u00ednea blanca,<br \/>\ndel \u00e1rea textil que mostr\u00f3 una amplia variedad de ropa bordada, playeras y<br \/>\ndise\u00f1os innovadores.<\/p>\n<p>Tambi\u00e9n los expositores de zapatos<br \/>\nreportaron buenas ventas, por los nuevos dise\u00f1os y gran cantidad de colores y<br \/>\nestilos que conquistaron el gusto de los asistentes.<\/p>\n<p>As\u00ed el domingo de Expo ofreci\u00f3 a las<br \/>\nfamilias la oportunidad de disfrutar de la expo loter\u00eda, que les permiti\u00f3<br \/>\nllevarse premios, as\u00ed como de espect\u00e1culos musicales, desfiles de moda y apoyar<br \/>\na los damnificados del sismo del pasado 19 de septiembre.<\/p>\n<p>El presidente del Comit\u00e9 Organizador<br \/>\nde la Expoferia del Comercio, Iv\u00e1n Rodr\u00edguez Gasque, resalt\u00f3 los resultados<br \/>\nobtenidos en la expo, la cual fue muy concurrida, donde se not\u00f3 una gran<br \/>\nafluencia y mucho movimiento en los stands, que reportaron buenas ventas.<\/p>\n<p>El movimiento comercial los cuatro<br \/>\nd\u00edas del evento fue excelente, ya que las familias aprovecharon las ofertas y<br \/>\npromociones para comprar y adquirir art\u00edculos y productos y se cont\u00f3 con la<br \/>\nparticipaci\u00f3n de nuevas empresas.<\/p>\n<p>Adem\u00e1s, para agradecer la preferencia<br \/>\nde las familias yucatecas, as\u00ed como de otros estados de la regi\u00f3n, que<br \/>\nvisitaron est\u00e1 expo, se rifaron 10 pantallas planas de 32 pulgadas, apunt\u00f3.<\/p>\n<p>A partir de hoy, dijo, CANACO M\u00e9rida y<br \/>\nel Comit\u00e9 Organizador de la Expoferia del Comercio iniciar\u00e1 la etapa de<br \/>\nplaneaci\u00f3n y organizaci\u00f3n de la edici\u00f3n 20 de este evento, la cual tendr\u00e1 como<br \/>\nobjetivo principal superar esta edici\u00f3n.<\/p><\/p>\n","protected":false},"excerpt":{"rendered":"<p>* Recibe a m\u00e1s de 300 mil personas durante los cuatro d\u00edas del evento.<br \/>\n* Los 463 stands registraron una gran afluencia de compradores y registraron b<\/p>\n","protected":false},"author":1018,"featured_media":0,"comment_status":"open","ping_status":"open","sticky":false,"template":"","format":"standard","meta":{"tdm_status":"","tdm_grid_status":"","footnotes":""},"categories":[21],"tags":[],"_links":{"self":[{"href":"https:\/\/dralvarez.com.mx\/larevista\/wp-json\/wp\/v2\/posts\/59085"}],"collection":[{"href":"https:\/\/dralvarez.com.mx\/larevista\/wp-json\/wp\/v2\/posts"}],"about":[{"href":"https:\/\/dralvarez.com.mx\/larevista\/wp-json\/wp\/v2\/types\/post"}],"author":[{"embeddable":true,"href":"https:\/\/dralvarez.com.mx\/larevista\/wp-json\/wp\/v2\/users\/1018"}],"replies":[{"embeddable":true,"href":"https:\/\/dralvarez.com.mx\/larevista\/wp-json\/wp\/v2\/comments?post=59085"}],"version-history":[{"count":0,"href":"https:\/\/dralvarez.com.mx\/larevista\/wp-json\/wp\/v2\/posts\/59085\/revisions"}],"wp:attachment":[{"href":"https:\/\/dralvarez.com.mx\/larevista\/wp-json\/wp\/v2\/media?parent=59085"}],"wp:term":[{"taxonomy":"category","embeddable":true,"href":"https:\/\/dralvarez.com.mx\/larevista\/wp-json\/wp\/v2\/categories?post=59085"},{"taxonomy":"post_tag","embeddable":true,"href":"https:\/\/dralvarez.com.mx\/larevista\/wp-json\/wp\/v2\/tags?post=59085"}],"curies":[{"name":"wp","href":"https:\/\/api.w.org\/{rel}","templated":true}]}}