{"id":59084,"date":"2017-10-16T00:00:00","date_gmt":"2017-10-16T06:00:00","guid":{"rendered":"https:\/\/dralvarez.com.mx\/larevista\/blog\/nuevas-marcas-encontraron-en-la-expoferia-del-comercio-un-espacio-de-promocion-18695"},"modified":"2017-10-16T00:00:00","modified_gmt":"2017-10-16T06:00:00","slug":"nuevas-marcas-encontraron-en-la-expoferia-del-comercio-un-espacio-de-promocion-18695","status":"publish","type":"post","link":"https:\/\/dralvarez.com.mx\/larevista\/yucatan\/nuevas-marcas-encontraron-en-la-expoferia-del-comercio-un-espacio-de-promocion-18695","title":{"rendered":"Nuevas marcas encontraron en la Expoferia del Comercio un espacio de promoci\u00f3n"},"content":{"rendered":"<p>La 19 edici\u00f3n de la Expoferia del Comercio se consolid\u00f3 como el mejor espacio para la promoci\u00f3n de nuevas marcas que buscan darse a conocer en el mercado regional, al registrarse un flujo de m\u00e1s de 300 mil personas al centro de convenciones Yucat\u00e1n Siglo XXI, para conocer la amplia oferta de innovadores productos.<\/p>\n<p>El presidente de la C\u00e1mara Nacional de Comercio, Servicios y Turismo (CANACO SERVYTUR) de M\u00e9rida, Juan Jos\u00e9 Abraham Daguer, resalt\u00f3 que este a\u00f1o entre los m\u00e1s de 400 expositores estuvieron un n\u00famero importante de empresas de reciente creaci\u00f3n, que optaron por participar en este evento por reconocer que es un escaparate de mucha efectividad para las ventas y realizar negocios con compradores que asisten en busca de nuevos productos.<\/p>\n<p>Este a\u00f1o, la Expoferia del Comercio se consolid\u00f3 como el evento comercial m\u00e1s importante de la Pen\u00ednsula y del sur-sureste, al convertirse en un v\u00ednculo entre compradores y vendedores, que lograron concertar citas posteriores a la expo para iniciar relaciones comerciales.<\/p>\n<p>Abraham Daguer destac\u00f3 que entre las empresas participantes por primera vez estuvieron de productos l\u00e1cteos, joyer\u00eda de fantas\u00eda, distribuidoras de combustibles, zapatos, botanas, servicios de limpieza, alimentos de bebidas, agencias automotrices, arrendadoras de autos, entre otras, que tuvieron gran movimiento durante los cuatro d\u00edas de la Expoferia del Comercio.<\/p>\n<p>Aunque los d\u00edas de la expo las ventas son buenas, los beneficios de los expositores tambi\u00e9n se perciben posteriormente, pues logran hacer v\u00ednculos con compradores que se vuelven sus potenciales clientes y que les adquieren sus productos o servicios de manera regular, subray\u00f3.<\/p>\n<p>Abraham Daguer apunt\u00f3 que la Expoferia del Comercio cada a\u00f1o se renueva, y es m\u00e1s visitada por empresas mayoristas que buscan nuevos productos, y llegan a este evento atra\u00eddos por los comentarios positivos de quienes participan o han encontrado la forma de hacer negocios, y eso es lo que hace que siga siendo la expo comercial m\u00e1s importante del pa\u00eds, apunt\u00f3.<\/p>\n","protected":false},"excerpt":{"rendered":"<p>Este a\u00f1o entre los m\u00e1s de 400 expositores estuvieron un n\u00famero importante de empresas de reciente creaci\u00f3n.<\/p>\n","protected":false},"author":1018,"featured_media":0,"comment_status":"open","ping_status":"open","sticky":false,"template":"","format":"standard","meta":{"tdm_status":"","tdm_grid_status":"","footnotes":""},"categories":[21],"tags":[],"_links":{"self":[{"href":"https:\/\/dralvarez.com.mx\/larevista\/wp-json\/wp\/v2\/posts\/59084"}],"collection":[{"href":"https:\/\/dralvarez.com.mx\/larevista\/wp-json\/wp\/v2\/posts"}],"about":[{"href":"https:\/\/dralvarez.com.mx\/larevista\/wp-json\/wp\/v2\/types\/post"}],"author":[{"embeddable":true,"href":"https:\/\/dralvarez.com.mx\/larevista\/wp-json\/wp\/v2\/users\/1018"}],"replies":[{"embeddable":true,"href":"https:\/\/dralvarez.com.mx\/larevista\/wp-json\/wp\/v2\/comments?post=59084"}],"version-history":[{"count":0,"href":"https:\/\/dralvarez.com.mx\/larevista\/wp-json\/wp\/v2\/posts\/59084\/revisions"}],"wp:attachment":[{"href":"https:\/\/dralvarez.com.mx\/larevista\/wp-json\/wp\/v2\/media?parent=59084"}],"wp:term":[{"taxonomy":"category","embeddable":true,"href":"https:\/\/dralvarez.com.mx\/larevista\/wp-json\/wp\/v2\/categories?post=59084"},{"taxonomy":"post_tag","embeddable":true,"href":"https:\/\/dralvarez.com.mx\/larevista\/wp-json\/wp\/v2\/tags?post=59084"}],"curies":[{"name":"wp","href":"https:\/\/api.w.org\/{rel}","templated":true}]}}