{"id":59081,"date":"2017-10-16T00:00:00","date_gmt":"2017-10-16T06:00:00","guid":{"rendered":"https:\/\/dralvarez.com.mx\/larevista\/blog\/reabrira-sus-puertas-moderno-complejo-deportivo-en-yucatan-anuncia-pablo-gamboa-18692"},"modified":"2017-10-16T00:00:00","modified_gmt":"2017-10-16T06:00:00","slug":"reabrira-sus-puertas-moderno-complejo-deportivo-en-yucatan-anuncia-pablo-gamboa-18692","status":"publish","type":"post","link":"https:\/\/dralvarez.com.mx\/larevista\/yucatan\/reabrira-sus-puertas-moderno-complejo-deportivo-en-yucatan-anuncia-pablo-gamboa-18692","title":{"rendered":"Reabrir\u00e1 sus puertas, moderno complejo deportivo en Yucat\u00e1n, anuncia Pablo Gamboa"},"content":{"rendered":"<\/p>\n<p>Ha llegado<br \/>\nel momento; atletas, j\u00f3venes, adultos, abuelitos, familias enteras est\u00e1n a<br \/>\npunto de estrenar la nuevas instalaciones y aparatos de ejercicio con los que<br \/>\nha sido renovada la Unidad Deportiva Villa Palmira, al sur de M\u00e9rida. <\/p>\n<p>Pablo Gamboa<br \/>\nMiner, gestor ante la Conade de los casi 50 millones de pesos para hacer<br \/>\nrealidad la transformaci\u00f3n del espacio, anunci\u00f3 que antes de concluir este mes<br \/>\nde octubre el complejo ser\u00e1 reinaugurado para disfrute tambi\u00e9n de los vecinos. <\/p>\n<p>Una remodelaci\u00f3n<br \/>\norg\u00e1nica, en la que los modernos espacios se edificaron sin eliminar las \u00e1reas<br \/>\nverdes, junto con los aparatos de gimnasio al aire libre tambi\u00e9n hay palmas,<br \/>\n\u00e1rboles que dar\u00e1n sombra y ox\u00edgeno para el entrenamiento de los deportistas. <\/p>\n<p>Pasto para<br \/>\nlas canchas y \u00e1reas verdes de recreo son parte tambi\u00e9n de este nuevo rostro de<br \/>\nla Villa Palmira. Poco menos de un a\u00f1o de los trabajos de restauraci\u00f3n que<br \/>\niniciaron, luego de que el Diputado Federal por el tercer distrito consiguiera<br \/>\nlos recursos para la obra. <\/p>\n<p>Fue en enero<br \/>\npasado cuando Pablo Gamboa, junto al Gobernador Rolando Zapata Bello, visit\u00f3 la<br \/>\nUnidad para constatar los primeros avances de lo que hoy son la piscina<br \/>\nsemiol\u00edmpica techada para nado, cancha de b\u00e1dminton y tiro deportivo, pista<br \/>\nperimetral para correr, gradas techadas en cancha de usos m\u00faltiples, campo de<br \/>\nsoftbol y campo de futbol. <\/p>\n<p>\u201cUna labor<br \/>\nconjunta la que aqu\u00ed hemos desarrollado. Yucat\u00e1n cuenta con el Gobierno del<br \/>\nEstado y con su representante ante el Congreso de la Uni\u00f3n; hoy damos un paso m\u00e1s<br \/>\npara el desarrollo, profesionalizaci\u00f3n, consolidaci\u00f3n de la pr\u00e1ctica f\u00edsica.<br \/>\nDespu\u00e9s de m\u00e1s de 40 &nbsp;a\u00f1os Villa Palmira est\u00e1 renovada\u201d, manifest\u00f3 el<br \/>\nPresidente de la Comisi\u00f3n de Deporte del Congreso de la Uni\u00f3n.<\/p><\/p>\n","protected":false},"excerpt":{"rendered":"<p>* Labor conjunta con el Gobierno del Estado para dar nuevo rostro al espacio ubicado en el sur de M\u00e9rida.<br \/>\n* A punto de reinaugurarse la Unidad Deport<\/p>\n","protected":false},"author":1018,"featured_media":0,"comment_status":"open","ping_status":"open","sticky":false,"template":"","format":"standard","meta":{"tdm_status":"","tdm_grid_status":"","footnotes":""},"categories":[21],"tags":[],"_links":{"self":[{"href":"https:\/\/dralvarez.com.mx\/larevista\/wp-json\/wp\/v2\/posts\/59081"}],"collection":[{"href":"https:\/\/dralvarez.com.mx\/larevista\/wp-json\/wp\/v2\/posts"}],"about":[{"href":"https:\/\/dralvarez.com.mx\/larevista\/wp-json\/wp\/v2\/types\/post"}],"author":[{"embeddable":true,"href":"https:\/\/dralvarez.com.mx\/larevista\/wp-json\/wp\/v2\/users\/1018"}],"replies":[{"embeddable":true,"href":"https:\/\/dralvarez.com.mx\/larevista\/wp-json\/wp\/v2\/comments?post=59081"}],"version-history":[{"count":0,"href":"https:\/\/dralvarez.com.mx\/larevista\/wp-json\/wp\/v2\/posts\/59081\/revisions"}],"wp:attachment":[{"href":"https:\/\/dralvarez.com.mx\/larevista\/wp-json\/wp\/v2\/media?parent=59081"}],"wp:term":[{"taxonomy":"category","embeddable":true,"href":"https:\/\/dralvarez.com.mx\/larevista\/wp-json\/wp\/v2\/categories?post=59081"},{"taxonomy":"post_tag","embeddable":true,"href":"https:\/\/dralvarez.com.mx\/larevista\/wp-json\/wp\/v2\/tags?post=59081"}],"curies":[{"name":"wp","href":"https:\/\/api.w.org\/{rel}","templated":true}]}}