{"id":59079,"date":"2017-10-16T00:00:00","date_gmt":"2017-10-16T06:00:00","guid":{"rendered":"https:\/\/dralvarez.com.mx\/larevista\/blog\/continua-con-gran-exito-el-programa-impulsando-mi-negocio-18690"},"modified":"2017-10-16T00:00:00","modified_gmt":"2017-10-16T06:00:00","slug":"continua-con-gran-exito-el-programa-impulsando-mi-negocio-18690","status":"publish","type":"post","link":"https:\/\/dralvarez.com.mx\/larevista\/yucatan\/continua-con-gran-exito-el-programa-impulsando-mi-negocio-18690","title":{"rendered":"Contin\u00faa con gran \u00e9xito el programa \u201cimpulsando mi negocio\u201d"},"content":{"rendered":"<p>El tianguis del Mercado de San Roque fue escenario para continuar promoviendo el programa \u201cImpulsando mi Negocio\u201d que encabeza el Delegado Federal del Trabajo Ricardo B\u00e9jar, este programa tiene la finalidad de visitar los tianguis de la Ciudad de M\u00e9rida durante el mes de octubre en el cual se estar\u00e1n dando capacitaciones para fortalecer la productividad y la asesor\u00eda para formalizar sus negocios.<\/p>\n<p>Acompa\u00f1ado del l\u00edder de Tianguistas Mart\u00edn Vivas y dem\u00e1s colaboradores, Ricardo B\u00e9jar visit\u00f3 cada uno de los puestos de los locatarios que se encontraban en el gran tianguis del Sur de la Ciudad de M\u00e9rida, donde con una charla muy din\u00e1mica, inform\u00f3 acerca del programa \u201cImpulsa tu Negocio\u201d y les hizo entrega de un CD que incluye herramientas para tener una mejor organizaci\u00f3n dentro de su \u00e1rea productiva y las bases que requieren para poder formalizarse&nbsp;<\/p>\n<p>La capacitaci\u00f3n y el asesoramiento son bases fundamentales para ir creciendo en las micro empresas, y es por ello que en la Delegaci\u00f3n Federal del Trabajo nos damos a la tarea de salir a recorrer los Tianguis, tiendas de conveniencia y puestos comerciales que se encuentran en la ciudad de M\u00e9rida para invitarlos a mejorar su productividad y con ello hacerlos parte de la formalidad,  comento el Delegado del Trabajo Ricardo B\u00e9jar.<\/p>\n<p>Entre el recorrido hubo muchas dudas resueltas por el delegado del trabajo, as\u00ed como muestras de apoyo por parte de los tianguistas.<\/p>\n","protected":false},"excerpt":{"rendered":"<p>Programa encabezado por el Delegado Federal del Trabajo Ricardo B\u00e9jar Herrera.<\/p>\n","protected":false},"author":1018,"featured_media":0,"comment_status":"open","ping_status":"open","sticky":false,"template":"","format":"standard","meta":{"tdm_status":"","tdm_grid_status":"","footnotes":""},"categories":[21],"tags":[],"_links":{"self":[{"href":"https:\/\/dralvarez.com.mx\/larevista\/wp-json\/wp\/v2\/posts\/59079"}],"collection":[{"href":"https:\/\/dralvarez.com.mx\/larevista\/wp-json\/wp\/v2\/posts"}],"about":[{"href":"https:\/\/dralvarez.com.mx\/larevista\/wp-json\/wp\/v2\/types\/post"}],"author":[{"embeddable":true,"href":"https:\/\/dralvarez.com.mx\/larevista\/wp-json\/wp\/v2\/users\/1018"}],"replies":[{"embeddable":true,"href":"https:\/\/dralvarez.com.mx\/larevista\/wp-json\/wp\/v2\/comments?post=59079"}],"version-history":[{"count":0,"href":"https:\/\/dralvarez.com.mx\/larevista\/wp-json\/wp\/v2\/posts\/59079\/revisions"}],"wp:attachment":[{"href":"https:\/\/dralvarez.com.mx\/larevista\/wp-json\/wp\/v2\/media?parent=59079"}],"wp:term":[{"taxonomy":"category","embeddable":true,"href":"https:\/\/dralvarez.com.mx\/larevista\/wp-json\/wp\/v2\/categories?post=59079"},{"taxonomy":"post_tag","embeddable":true,"href":"https:\/\/dralvarez.com.mx\/larevista\/wp-json\/wp\/v2\/tags?post=59079"}],"curies":[{"name":"wp","href":"https:\/\/api.w.org\/{rel}","templated":true}]}}