{"id":59075,"date":"2017-10-16T00:00:00","date_gmt":"2017-10-16T06:00:00","guid":{"rendered":"https:\/\/dralvarez.com.mx\/larevista\/blog\/buena-afluencia-a-la-expoferia-del-comercio-2017-18686"},"modified":"2017-10-16T00:00:00","modified_gmt":"2017-10-16T06:00:00","slug":"buena-afluencia-a-la-expoferia-del-comercio-2017-18686","status":"publish","type":"post","link":"https:\/\/dralvarez.com.mx\/larevista\/yucatan\/buena-afluencia-a-la-expoferia-del-comercio-2017-18686","title":{"rendered":"Buena afluencia a la Expoferia del Comercio 2017"},"content":{"rendered":"<\/p>\n<p>La variedad de atractivos, shows,<br \/>\neventos, din\u00e1micas y concursos, as\u00ed como ofertas y promociones, son los<br \/>\nfactores principales para que la Expoferia del Comercio, que se realiza en el<br \/>\nCentro de Convenciones Yucat\u00e1n Siglo XXI, registre buena afluencia de familias<br \/>\nde la localidad que llegaron para pasar un momento de convivencia, al tiempo que<br \/>\ncompran alg\u00fan art\u00edculo, producto o servicio que necesiten.<\/p>\n<p>As\u00ed, en las dos tarimas, una ubicada<br \/>\nen el sal\u00f3n Chich\u00e9n Itz\u00e1 y otra en el Uxmal, los asistentes disfrutaron de<br \/>\ndiversos eventos, desde shows infantiles hasta presentaciones de grupos de<br \/>\njazz, ballets folkl\u00f3ricos, payasos, la loter\u00eda expoferia y las din\u00e1micas donde<br \/>\nse regalan pantallas planas de 32 pulgadas.<\/p>\n<p>Entre las actividades que m\u00e1s gustaron<br \/>\nal p\u00fablico est\u00e1 la Loter\u00eda Expoferia, que permiti\u00f3 que ni\u00f1os, j\u00f3venes y adultos<br \/>\nse divirtieran en este tradicional juego, que obsequi\u00f3 en cada partida ganar a<br \/>\n10 personas kits con productos de las empresas patrocinadoras.<\/p>\n<p>Esta expo tambi\u00e9n agradeci\u00f3 la<br \/>\npresencia de los compradores, rifando pantallas planas de 32 pulgadas,<br \/>\nentregando las primeras dos el d\u00eda viernes 13, y quedando 8 m\u00e1s, 4 para el<br \/>\ns\u00e1bado 14 y 4 para el domingo 15 de octubre.<\/p>\n<p>Este s\u00e1bado, en la tarima del sal\u00f3n<br \/>\nChich\u00e9n Itz\u00e1, este s\u00e1bado se tuvo la participaci\u00f3n de la compa\u00f1\u00eda art\u00edstica<br \/>\nAyelem, que present\u00f3 el show \u201cCl\u00e1sicos de Disney\u201d, que fue muy aplaudido por la<br \/>\nactuaci\u00f3n de los ni\u00f1os que presentaron una bonita coreograf\u00eda y coloridos<br \/>\ntrajes de las pel\u00edculas infantiles como El Rey Le\u00f3n, La Sirenita, Toy Story,<br \/>\nentre otras.<\/p>\n<p>Destacaron la participaci\u00f3n La Bella y<br \/>\nLa Bestia, Tim\u00f3n y Pumba, Micky Mouse, Aladin, Buscando a Nemo, entre otros<br \/>\ncl\u00e1sicos infantiles.<\/p>\n<p>Tambi\u00e9n, m\u00e1s de 500 j\u00f3venes tuvieron<br \/>\nla oportunidad de conocer, tomarse fotograf\u00edas y tener el aut\u00f3grafo de Manelyk<br \/>\nGonz\u00e1lez, famosa por su participaci\u00f3n en el reality \u201cAcapulco Shore\u201d.<\/p>\n<p>Al respecto, el presidente de la<br \/>\nCANACO M\u00e9rida, Juan Jos\u00e9 Abraham Daguer, resalt\u00f3 que desde que abri\u00f3 sus<br \/>\npuertas al p\u00fablico la Expoferia, el pasado jueves 12 de octubre a las 5 de la<br \/>\ntarde, se tuvo un arrib\u00f3 de gente regular, la cual mejor\u00f3 el viernes 13, y se<br \/>\nespera que este s\u00e1bado 14 y domingo 15 los pasillos entre los stands se vean<br \/>\ntotalmente abarrotados por visitantes.<\/p><\/p>\n","protected":false},"excerpt":{"rendered":"<p>* Familias han disfrutado de atractivos, shows, eventos, din\u00e1micas y concursos, as\u00ed como ofertas y promociones.<br \/>\n* Se espera que este s\u00e1bado 14 y domi<\/p>\n","protected":false},"author":1018,"featured_media":0,"comment_status":"open","ping_status":"open","sticky":false,"template":"","format":"standard","meta":{"tdm_status":"","tdm_grid_status":"","footnotes":""},"categories":[21],"tags":[],"_links":{"self":[{"href":"https:\/\/dralvarez.com.mx\/larevista\/wp-json\/wp\/v2\/posts\/59075"}],"collection":[{"href":"https:\/\/dralvarez.com.mx\/larevista\/wp-json\/wp\/v2\/posts"}],"about":[{"href":"https:\/\/dralvarez.com.mx\/larevista\/wp-json\/wp\/v2\/types\/post"}],"author":[{"embeddable":true,"href":"https:\/\/dralvarez.com.mx\/larevista\/wp-json\/wp\/v2\/users\/1018"}],"replies":[{"embeddable":true,"href":"https:\/\/dralvarez.com.mx\/larevista\/wp-json\/wp\/v2\/comments?post=59075"}],"version-history":[{"count":0,"href":"https:\/\/dralvarez.com.mx\/larevista\/wp-json\/wp\/v2\/posts\/59075\/revisions"}],"wp:attachment":[{"href":"https:\/\/dralvarez.com.mx\/larevista\/wp-json\/wp\/v2\/media?parent=59075"}],"wp:term":[{"taxonomy":"category","embeddable":true,"href":"https:\/\/dralvarez.com.mx\/larevista\/wp-json\/wp\/v2\/categories?post=59075"},{"taxonomy":"post_tag","embeddable":true,"href":"https:\/\/dralvarez.com.mx\/larevista\/wp-json\/wp\/v2\/tags?post=59075"}],"curies":[{"name":"wp","href":"https:\/\/api.w.org\/{rel}","templated":true}]}}