{"id":59072,"date":"2017-10-16T00:00:00","date_gmt":"2017-10-16T06:00:00","guid":{"rendered":"https:\/\/dralvarez.com.mx\/larevista\/blog\/falsa-la-percepcion-de-aumento-en-delitos-de-adolescentes-senala-especialista-18683"},"modified":"2017-10-16T00:00:00","modified_gmt":"2017-10-16T06:00:00","slug":"falsa-la-percepcion-de-aumento-en-delitos-de-adolescentes-senala-especialista-18683","status":"publish","type":"post","link":"https:\/\/dralvarez.com.mx\/larevista\/yucatan\/falsa-la-percepcion-de-aumento-en-delitos-de-adolescentes-senala-especialista-18683","title":{"rendered":"Falsa, la percepci\u00f3n de aumento en delitos de adolescentes, se\u00f1ala especialista"},"content":{"rendered":"<\/p>\n<p>La percepci\u00f3n medi\u00e1tica de que han subido los delitos de<br \/>\nadolescentes es falsa y la consecuencia que genera es delicada, porque a ra\u00edz<br \/>\nde ella se empieza a hablar de contrarreformas que piden disminuir la edad para<br \/>\nprocesar a los menores, que echar\u00edan por tierra los grandes pasos que se han<br \/>\ndado desde 2005  en la implementaci\u00f3n de este sistema especializado,<br \/>\nasegur\u00f3 la investigadora Sof\u00eda Cobo T\u00e9llez, integrante del Sistema Nacional de<br \/>\nInvestigadores (SNI).<\/p>\n<p>Esta percepci\u00f3n es contraria a la realidad, ya que las cifras<br \/>\nmuestran que no hay una incidencia de menores en delitos de alto impacto ni en<br \/>\nYucat\u00e1n ni a nivel nacional, e incluso hay a\u00f1os en los que ha bajado, agreg\u00f3.<\/p>\n<p>Lo anterior en el marco de la conferencia \u201cAlternatividad y<br \/>\nJusticia penal para adolescentes\u201d, realizada la tarde del viernes 13 de octubre<br \/>\npasado en la sala 6 del Centro de Justicia Oral de esta ciudad de M\u00e9rida<br \/>\n(CJOM), en la que estuvieron presentes magistrados, consejeros, jueces y<br \/>\npersonal del Poder Judicial del Estado, as\u00ed como funcionarios, p\u00fablico en<br \/>\ngeneral y litigantes. En representaci\u00f3n del gobernador del estado Lic. Rolando<br \/>\nZapata Bello, estuvo presente el Consejero Jur\u00eddico Carlos Pav\u00f3n Flores quien<br \/>\nresalt\u00f3 la importancia de la difusi\u00f3n que realiza el Poder Judicial en este<br \/>\ntema.<\/p>\n<p>Cobo T\u00e9llez, quien es Doctora en Derecho por la Universidad<br \/>\nAut\u00f3noma de y especialista en Derechos Humanos por la Universidad de Castilla<br \/>\nLa Macha-CENADEH, puso como ejemplo de esta falsa percepci\u00f3n en los medios y en<br \/>\nla sociedad el caso de los \u201ccentinelas\u201d, como se llam\u00f3 a un grupo de j\u00f3venes<br \/>\nque se dedicaban a agredir a otros j\u00f3venes en centros comerciales, grabando su <i>modus<br \/>\noperandi<\/i> que sub\u00edan a redes sociales.<\/p>\n<p>Explic\u00f3 que las denuncias por lesiones y da\u00f1o en propiedad ajena<br \/>\npor estos casos se realizaron desde 2016 y cuando los v\u00eddeos se generalizaron,<br \/>\nes decir en este a\u00f1o, los casos ya se hab\u00edan resuelto precisamente a trav\u00e9s de<br \/>\nmedidas alternas a juicio, espec\u00edficamente acuerdos reparatorios que incluyeron<br \/>\nterapia psicol\u00f3gica para agresores y v\u00edctimas.<\/p>\n<p>La investigadora agreg\u00f3 que el modelo de justicia penal para<br \/>\nadolescentes debe basarse en tres supuestos: las causas fundamentales del<br \/>\ndelito, la valoraci\u00f3n de las circunstancias espec\u00edficas de cada uno de los<br \/>\nmenores procesados y se debe limitar el uso de la justicia tradicional u<br \/>\nordinaria, as\u00ed como las sanciones privativas de libertad y las medidas<br \/>\ncautelares. Por el contrario, apunt\u00f3, deben utilizarse medidas que sean<br \/>\nproporcionales y favorezcan la reincorporaci\u00f3n del adolescente que delinque a<br \/>\nsus sociedades.<\/p>\n<p>Dijo que esas bases para procesar a los adolescentes tienen<br \/>\nsustento en leyes internacionales y nacionales, como son la Convenci\u00f3n de los<br \/>\nderecho del Ni\u00f1o, las reglas de Beijing, la Recomendaci\u00f3n 8720 del Comit\u00e9 de<br \/>\nministros de Europa. En el \u00e1mbito nacional estos supuestos encuentran sustento<br \/>\nen la Constituci\u00f3n Pol\u00edtica de los Estados Unidos Mexicanos (CPEUM) en su<br \/>\nart\u00edculo 18 y en la nueva ley del sistema integral de justicia para<br \/>\nadolescentes que establece la alternatividad en materia de justicia para<br \/>\nadolescentes.<\/p>\n<p>Las formas alternativas de justicia deben observarse en la<br \/>\naplicaci\u00f3n del sistema siempre que resulten procedentes. La nueva ley en muchos<br \/>\nart\u00edculos establece la alternatividad como los medios alternativos de soluci\u00f3n<br \/>\nde conflictos y establece el principio de m\u00ednima intervenci\u00f3n subsidiariedad de<br \/>\nlas medidas, del principio de justicia restaurativa y la racionalidad y<br \/>\nproporcionalidad de las medidas sancionadoras y que las medidas privativas de<br \/>\nlibertad deben ser el \u00faltimo recurso en este sistema de adolescentes.<\/p>\n<p>La Doctora Cobo T\u00e9llez es autora de varios libros sobre el tema,<br \/>\nentre ellos \u201cLa Ejecuci\u00f3n de las Medidas Aplicadas a los Adolescentes infractores:<br \/>\nUn acercamiento al Garantismo y Debido Proceso\u201d &nbsp;y \u201cJusticia para<br \/>\nAdolescentes: An\u00e1lisis desde la Nueva Ley Nacional del Sistema Integral de<br \/>\nJusticia Penal para Adolescentes\u201d, ambos publicados por el INACIPE de donde es<br \/>\nacad\u00e9mica.<\/p>\n<p>Se ha desempe\u00f1ado como Directora General Adjunta de Pol\u00edtica<br \/>\nPenitenciaria en la Comisi\u00f3n Nacional de Seguridad, Secretaria T\u00e9cnica de la<br \/>\nComisi\u00f3n de Acceso a la Informaci\u00f3n P\u00fablica y Protecci\u00f3n de Datos Personales<br \/>\ndel Estado de Tlaxcala. Labor\u00f3 en la Procuradur\u00eda de Justicia, Tribunal<br \/>\nElectoral, Direcci\u00f3n General de Centros de Readaptaci\u00f3n Social y como Asesora<br \/>\nJur\u00eddica de la Direcci\u00f3n de Asuntos Jur\u00eddicos, Estudios y Proyectos<br \/>\nLegislativos del Congreso del Estado de Puebla y de la Procuradur\u00eda de Justicia<br \/>\nLocal. Es consultora de la CICAD-OEA en el Programa de Justicia Terap\u00e9utica<br \/>\npara Personas con consumo de Sustancias Psicoactivas. <\/p>\n<p>Adicionalmente, es catedr\u00e1tica en la Universidad Nacional Aut\u00f3noma de M\u00e9xico,<br \/>\nintegrante activa de la Asociaci\u00f3n Iberoamericana de Justicia Terap\u00e9utica y del<br \/>\nComit\u00e9 Editorial de la Revista Alegatos de la UAM-Azcapotzalco. Recientemente,<br \/>\nrecibi\u00f3 el Medalla \u201cJos\u00e9 Mar\u00eda Morelos y Pav\u00f3n\u201d a la Excelencia Acad\u00e9mica, por<br \/>\nla Academia Iberoamericana en Ciencias de Victimolog\u00eda, Jur\u00eddicas y Derechos<br \/>\nVictimales y el Doctorado Honoris Causa por el Instituto Mexicano de<br \/>\nVictimolog\u00eda.<\/p><\/p>\n","protected":false},"excerpt":{"rendered":"<p>La percepci\u00f3n medi\u00e1tica de que han subido los delitos de adolescentes es falsa y la consecuencia que genera es delicada, porque a ra\u00edz de ella se empi<\/p>\n","protected":false},"author":1018,"featured_media":0,"comment_status":"open","ping_status":"open","sticky":false,"template":"","format":"standard","meta":{"tdm_status":"","tdm_grid_status":"","footnotes":""},"categories":[21],"tags":[],"_links":{"self":[{"href":"https:\/\/dralvarez.com.mx\/larevista\/wp-json\/wp\/v2\/posts\/59072"}],"collection":[{"href":"https:\/\/dralvarez.com.mx\/larevista\/wp-json\/wp\/v2\/posts"}],"about":[{"href":"https:\/\/dralvarez.com.mx\/larevista\/wp-json\/wp\/v2\/types\/post"}],"author":[{"embeddable":true,"href":"https:\/\/dralvarez.com.mx\/larevista\/wp-json\/wp\/v2\/users\/1018"}],"replies":[{"embeddable":true,"href":"https:\/\/dralvarez.com.mx\/larevista\/wp-json\/wp\/v2\/comments?post=59072"}],"version-history":[{"count":0,"href":"https:\/\/dralvarez.com.mx\/larevista\/wp-json\/wp\/v2\/posts\/59072\/revisions"}],"wp:attachment":[{"href":"https:\/\/dralvarez.com.mx\/larevista\/wp-json\/wp\/v2\/media?parent=59072"}],"wp:term":[{"taxonomy":"category","embeddable":true,"href":"https:\/\/dralvarez.com.mx\/larevista\/wp-json\/wp\/v2\/categories?post=59072"},{"taxonomy":"post_tag","embeddable":true,"href":"https:\/\/dralvarez.com.mx\/larevista\/wp-json\/wp\/v2\/tags?post=59072"}],"curies":[{"name":"wp","href":"https:\/\/api.w.org\/{rel}","templated":true}]}}