{"id":59070,"date":"2017-10-16T00:00:00","date_gmt":"2017-10-16T06:00:00","guid":{"rendered":"https:\/\/dralvarez.com.mx\/larevista\/blog\/se-incrementan-citas-de-negocios-de-expositores-en-la-expoferia-del-comercio-18681"},"modified":"2017-10-16T00:00:00","modified_gmt":"2017-10-16T06:00:00","slug":"se-incrementan-citas-de-negocios-de-expositores-en-la-expoferia-del-comercio-18681","status":"publish","type":"post","link":"https:\/\/dralvarez.com.mx\/larevista\/yucatan\/se-incrementan-citas-de-negocios-de-expositores-en-la-expoferia-del-comercio-18681","title":{"rendered":"Se incrementan citas de negocios de expositores en la Expoferia del Comercio"},"content":{"rendered":"<\/p>\n<p>Empresarios participantes de la<br \/>\nExpoferia del Comercio 2017, que organiza la C\u00e1mara Nacional de Comercio,<br \/>\nServicios y Turismo (CANACO SERVYTUR) de M\u00e9rida, adelantaron que las<br \/>\ninnovaciones presentadas en esta muestra, incrementaron las citas de negocios<br \/>\nen los m\u00e1s de 430 expositores que participan en este evento, que tiene como<br \/>\nsede el Centro de Convenciones Yucat\u00e1n Siglo XXI.<\/p>\n<p>El empresario, Yamil Medina, de la<br \/>\ncompa\u00f1\u00eda Productos Met\u00e1licos Carrera, destac\u00f3 que la participaci\u00f3n en la<br \/>\nExpoferia del Comercio permite hacerse de una lista de clientes m\u00e1s grande y<br \/>\ncon ello aumentar su n\u00famero de ventas.<\/p>\n<p>Explic\u00f3 que su empresa se dedica a la<br \/>\nventa de equipo de acero inoxidable para cocinas y la industria de los<br \/>\nhospitales, son expositores de este evento que participan de manera constante<br \/>\na\u00f1o con a\u00f1o.<\/p>\n<p>\u201cNuestra presencia en la expo nos<br \/>\nayuda mucho en ventas, faltamos un a\u00f1o y eso nos afect\u00f3 en las ventas, por eso<br \/>\naqu\u00ed estamos de nueva cuenta participando en este evento que es referente del<br \/>\ncomercio del sureste\u201d, apunt\u00f3.<\/p>\n<p>Se\u00f1al\u00f3 que sus productos son muy bien<br \/>\nrecibidos en la industria restaurantera y de panaderos, con el acero inoxidable<br \/>\nse conservar la inocuidad de los alimentos, \u201ceso es muy importante para las<br \/>\nempresas del ramo, que tienen que cubrir una norma sanitaria obligatoria\u201d.<\/p>\n<p>Jorge Rojas Pe\u00f1a, gerente comercial de<br \/>\nIsicar, empresa arrendadora de autos manifest\u00f3 que aprovecharon la plataforma de<br \/>\nla Expoferia del Comercio para lanzar su marca 100 por ciento yucateca, misma<br \/>\nque ofrece servicios de renta para autos compactos y camiones de carga en<br \/>\nYucat\u00e1n y Quintana Roo.<\/p>\n<p>\u201cOfrecemos renta de autos con chofer,<br \/>\nsomos altamente calificados, y en la Expo Feria del Comercio, ya estamos<br \/>\ntrabajando muy duro para darnos a conocer en la plaza, estamos lanzando nuestra<br \/>\nmarca desde la capital yucateca, somos una empresa independiente con miras a<br \/>\ncrecer en lo regional\u201d, destac\u00f3.<\/p>\n<p>Por su parte, El presidente de la<br \/>\nC\u00e1mara Nacional de Comercio, Servicios y Turismo de M\u00e9rida (Canacome), Juan<br \/>\nJos\u00e9 Abraham Daguer, destac\u00f3 que en los dos primeros d\u00edas del evento se<br \/>\nsuperaron las expectativas de visitantes y negocios que se ten\u00eda planteado.<\/p>\n<p>\u201cLa amplitud de los pasillos es una<br \/>\nventaja en esta edici\u00f3n 19 de la Expoferia, puesto que las personas asisten con<br \/>\nm\u00e1s desenvolvimiento a todos los eventos y a nuestros stands. Vamos a superar<br \/>\nlas expectativas de los 300 mil visitantes a nuestras instalaciones\u201d, asever\u00f3.<\/p>\n<p>Abraham Daguer, se\u00f1alo que en la expo<br \/>\nse toma lista de clientes, y se hacen los prospectos para que se haga una<br \/>\ncadena de clientes y se tenga tiempo para visitarlos y proponer los negocios en<br \/>\nel resto del a\u00f1o.<\/p>\n<p>Sobre la derrama del evento, el<br \/>\ndirigente empresarial se\u00f1al\u00f3 que 8 de cada 10 personas que asisten realizan un<br \/>\ngasto promedio de 100 pesos, por ello desde el jueves empez\u00f3 a llegar la gente<br \/>\nque viene a comprar productos y servicios, con una afluencia bastante positiva.<\/p><\/p>\n","protected":false},"excerpt":{"rendered":"<p>Empresarios participantes aseguran que las innovaciones presentadas en esta muestra han sido atractivas para hacer negocios.<\/p>\n","protected":false},"author":1018,"featured_media":0,"comment_status":"open","ping_status":"open","sticky":false,"template":"","format":"standard","meta":{"tdm_status":"","tdm_grid_status":"","footnotes":""},"categories":[21],"tags":[],"_links":{"self":[{"href":"https:\/\/dralvarez.com.mx\/larevista\/wp-json\/wp\/v2\/posts\/59070"}],"collection":[{"href":"https:\/\/dralvarez.com.mx\/larevista\/wp-json\/wp\/v2\/posts"}],"about":[{"href":"https:\/\/dralvarez.com.mx\/larevista\/wp-json\/wp\/v2\/types\/post"}],"author":[{"embeddable":true,"href":"https:\/\/dralvarez.com.mx\/larevista\/wp-json\/wp\/v2\/users\/1018"}],"replies":[{"embeddable":true,"href":"https:\/\/dralvarez.com.mx\/larevista\/wp-json\/wp\/v2\/comments?post=59070"}],"version-history":[{"count":0,"href":"https:\/\/dralvarez.com.mx\/larevista\/wp-json\/wp\/v2\/posts\/59070\/revisions"}],"wp:attachment":[{"href":"https:\/\/dralvarez.com.mx\/larevista\/wp-json\/wp\/v2\/media?parent=59070"}],"wp:term":[{"taxonomy":"category","embeddable":true,"href":"https:\/\/dralvarez.com.mx\/larevista\/wp-json\/wp\/v2\/categories?post=59070"},{"taxonomy":"post_tag","embeddable":true,"href":"https:\/\/dralvarez.com.mx\/larevista\/wp-json\/wp\/v2\/tags?post=59070"}],"curies":[{"name":"wp","href":"https:\/\/api.w.org\/{rel}","templated":true}]}}