{"id":59065,"date":"2017-10-16T00:00:00","date_gmt":"2017-10-16T06:00:00","guid":{"rendered":"https:\/\/dralvarez.com.mx\/larevista\/blog\/concluye-la-44-convencion-nacional-de-index-18676"},"modified":"2017-10-16T00:00:00","modified_gmt":"2017-10-16T06:00:00","slug":"concluye-la-44-convencion-nacional-de-index-18676","status":"publish","type":"post","link":"https:\/\/dralvarez.com.mx\/larevista\/yucatan\/concluye-la-44-convencion-nacional-de-index-18676","title":{"rendered":"Concluye la 44 Convenci\u00f3n Nacional de Index"},"content":{"rendered":"<p>\u201cEl crecimiento de la manufactura registrado durante esta administraci\u00f3n es quince veces superior al obtenido en los nueve a\u00f1os previos\u201d, declar\u00f3 el titular de la Secretar\u00eda de Fomento Econ\u00f3mico (Sefoe), Ernesto Herrera Novelo, durante la clausura de la cuadrag\u00e9sima cuarta Convenci\u00f3n Nacional de la Industria Maquiladora y Manufacturera de Exportaci\u00f3n (Index).<\/p>\n<p>\u201cPor tercer a\u00f1o consecutivo este sector avanza a doble d\u00edgito, cuando hasta antes del inicio de esta gesti\u00f3n no se hab\u00eda alcanzado un incremento superior al seis por ciento anual. De ese tama\u00f1o es la importancia de esta actividad para la econom\u00eda de Yucat\u00e1n\u201d, se\u00f1al\u00f3 el funcionario en representaci\u00f3n del Gobernador Rolando Zapata Bello.<\/p>\n<p>Ante el presidente de la Confederaci\u00f3n de C\u00e1maras Industriales de los Estados Unidos Mexicanos (Concamin), Manuel Herrera Vega, afirm\u00f3 que organizaciones como Index han tenido una influencia muy positiva, contribuyendo al aumento de las capacidades productivas y, por tanto, al desarrollo de la entidad.<\/p>\n<p>\u201cEspacios como \u00e9ste representan una gran oportunidad para ratificar ante ustedes nuestro compromiso para sostener ese rumbo de bienestar en el que estamos encaminados\u201d, apunt\u00f3.<\/p>\n<p>Por su parte, el presidente del Consejo Nacional de Index, Federico Serrano Ba\u00f1uelos, agradeci\u00f3 a las autoridades por la hospitalidad y facilidades prestadas para la realizaci\u00f3n del evento. Asimismo, reconoci\u00f3 la labor de este organismo, que en el estado es presidido por Luis Felipe L\u00f3pez Alonso; adelant\u00f3 tambi\u00e9n que la sede de la pr\u00f3xima edici\u00f3n ser\u00e1 en Chihuahua.<\/p>\n<p>\u201cTenemos confianza porque sabemos anticiparnos a los retos para salir triunfadores es por ello que debemos fortalecer las nuevas Zonas Econ\u00f3micas Especiales, para que generen riqueza con una visi\u00f3n regional y de alcance global\u201d, expres\u00f3.<\/p>\n<p>Acudieron al acto el presidente electo de Index Nacional, Luis Aguirre Lang; el consejero Nacional de la Confederaci\u00f3n Patronal de la Rep\u00fablica Mexicana (Coparmex), Jos\u00e9 Antonio Loret de Mola G\u00f3mory; el secretario del Consejo Nacional Index y director de Convenci\u00f3n, Luis Manuel Hern\u00e1ndez Gonz\u00e1lez; y el presidente Municipal de M\u00e9rida, Mauricio Vila Dosal.<\/p>\n","protected":false},"excerpt":{"rendered":"<p>El sector manufacturero crece a doble d\u00edgito, se\u00f1alan.<\/p>\n","protected":false},"author":1018,"featured_media":0,"comment_status":"open","ping_status":"open","sticky":false,"template":"","format":"standard","meta":{"tdm_status":"","tdm_grid_status":"","footnotes":""},"categories":[21],"tags":[],"_links":{"self":[{"href":"https:\/\/dralvarez.com.mx\/larevista\/wp-json\/wp\/v2\/posts\/59065"}],"collection":[{"href":"https:\/\/dralvarez.com.mx\/larevista\/wp-json\/wp\/v2\/posts"}],"about":[{"href":"https:\/\/dralvarez.com.mx\/larevista\/wp-json\/wp\/v2\/types\/post"}],"author":[{"embeddable":true,"href":"https:\/\/dralvarez.com.mx\/larevista\/wp-json\/wp\/v2\/users\/1018"}],"replies":[{"embeddable":true,"href":"https:\/\/dralvarez.com.mx\/larevista\/wp-json\/wp\/v2\/comments?post=59065"}],"version-history":[{"count":0,"href":"https:\/\/dralvarez.com.mx\/larevista\/wp-json\/wp\/v2\/posts\/59065\/revisions"}],"wp:attachment":[{"href":"https:\/\/dralvarez.com.mx\/larevista\/wp-json\/wp\/v2\/media?parent=59065"}],"wp:term":[{"taxonomy":"category","embeddable":true,"href":"https:\/\/dralvarez.com.mx\/larevista\/wp-json\/wp\/v2\/categories?post=59065"},{"taxonomy":"post_tag","embeddable":true,"href":"https:\/\/dralvarez.com.mx\/larevista\/wp-json\/wp\/v2\/tags?post=59065"}],"curies":[{"name":"wp","href":"https:\/\/api.w.org\/{rel}","templated":true}]}}