{"id":59057,"date":"2017-10-16T00:00:00","date_gmt":"2017-10-16T06:00:00","guid":{"rendered":"https:\/\/dralvarez.com.mx\/larevista\/blog\/se-vuelvan-yucatecos-a-disfrutar-la-expo-feria-del-comercio-18668"},"modified":"2017-10-16T00:00:00","modified_gmt":"2017-10-16T06:00:00","slug":"se-vuelvan-yucatecos-a-disfrutar-la-expo-feria-del-comercio-18668","status":"publish","type":"post","link":"https:\/\/dralvarez.com.mx\/larevista\/yucatan\/se-vuelvan-yucatecos-a-disfrutar-la-expo-feria-del-comercio-18668","title":{"rendered":"Se vuelvan yucatecos a disfrutar la Expo Feria del Comercio"},"content":{"rendered":"<\/p>\n<p>En su cuarto d\u00eda de actividades la Expo Feria del Comercio de M\u00e9rida reuni\u00f3 a miles de personas que acudieron a adquirir ofertas y conocer novedades que se presentaron en este evento organizado por la C\u00e1mara de Comercio y Servicios Tur\u00edsticos (Canaco-Servytur).<\/p>\n<p>Los 4 grandes salones del Centro de Convenciones Siglo XXI se vieron abarrotados de meridanos que visitaron los 374 stands de exposici\u00f3n y donde 340 empresas presentaron sus productos, en su gran mayor\u00eda empresas yucatecas, incluso comercios y servicios de municipios del interior del estado.<\/p>\n<p>Espect\u00e1culos, actividades l\u00fadicas, presentaciones art\u00edsticas y deportivas complementaron las actividades de este domingo, en donde en la comodidad de los espacios del centro de Convenciones se comercializaron productos de muy diversa calidad y precio.<\/p>\n<p>Complementos para la mujer, ropa, alimentos, veh\u00edculos, enseres del hogar, l\u00ednea blanca, art\u00edculos de limpieza, pero tambi\u00e9n robots pedag\u00f3gicos, paneles solares, una amplia gama de productos elaborados por manos yucatecas visten este XIX edici\u00f3n de la Expo Feria Comercial, que se consolida como una de las presentaciones comerciales m\u00e1s importantes de la pen\u00ednsula.<\/p>\n<p>Los asistentes, expositores y organizadores coincidieron que este tipo de eventos es positivo, por lo que se espera que se repita a\u00f1o con a\u00f1o, para ofertar las novedades y productos del comercio organizado de M\u00e9rida y la oportunidad de adquirirlos a precios m\u00e1s econ\u00f3micos, ya que se presentaron ofertas y promociones para mayoristas y minoristas.<\/p>\n<p>Mar\u00eda Dolores Mukul, vecina de Chablekal dijo que el evento es muy bueno, porque hay muchos productos, ropa y zapatos que en otras partes no se venden y se pueden adquirir de manera directa.<\/p>\n<p>En su turno, Manuel S\u00e1nchez, representante de ventas de una casa comercial distribuidora de botanas explic\u00f3 que estos cuatro d\u00edas han sido muy productivos, con buenas ventas y grandes ofertas, explic\u00f3 que en los stands de la empresa se presentaron los tradicionales productos de la empresa y se han vendido de manera importante, lo que establece que esta feria es productiva.<\/p>\n<p>Finalmente, Gonzalo Madera, asistente al evento, quien acudi\u00f3 con su familia desde la colonia Francisco de Montejo, repuso que hay muchas cosas para ver y comprar, lo importante es adquirir los productos indispensables y esto beneficia a su familia.<\/p>\n<p>Dijo que adquiri\u00f3 ropa y zapatos con los fabricantes de Ticul a precios accesibles y econ\u00f3micos, por lo que espera poder conocer con anticipaci\u00f3n la realizaci\u00f3n de esta feria y acudir para adquirir m\u00e1s productos.<\/p><\/p>\n","protected":false},"excerpt":{"rendered":"<p>Gran oferta de productos y servicios al alcance de todos.<\/p>\n","protected":false},"author":1018,"featured_media":0,"comment_status":"open","ping_status":"open","sticky":false,"template":"","format":"standard","meta":{"tdm_status":"","tdm_grid_status":"","footnotes":""},"categories":[21],"tags":[],"_links":{"self":[{"href":"https:\/\/dralvarez.com.mx\/larevista\/wp-json\/wp\/v2\/posts\/59057"}],"collection":[{"href":"https:\/\/dralvarez.com.mx\/larevista\/wp-json\/wp\/v2\/posts"}],"about":[{"href":"https:\/\/dralvarez.com.mx\/larevista\/wp-json\/wp\/v2\/types\/post"}],"author":[{"embeddable":true,"href":"https:\/\/dralvarez.com.mx\/larevista\/wp-json\/wp\/v2\/users\/1018"}],"replies":[{"embeddable":true,"href":"https:\/\/dralvarez.com.mx\/larevista\/wp-json\/wp\/v2\/comments?post=59057"}],"version-history":[{"count":0,"href":"https:\/\/dralvarez.com.mx\/larevista\/wp-json\/wp\/v2\/posts\/59057\/revisions"}],"wp:attachment":[{"href":"https:\/\/dralvarez.com.mx\/larevista\/wp-json\/wp\/v2\/media?parent=59057"}],"wp:term":[{"taxonomy":"category","embeddable":true,"href":"https:\/\/dralvarez.com.mx\/larevista\/wp-json\/wp\/v2\/categories?post=59057"},{"taxonomy":"post_tag","embeddable":true,"href":"https:\/\/dralvarez.com.mx\/larevista\/wp-json\/wp\/v2\/tags?post=59057"}],"curies":[{"name":"wp","href":"https:\/\/api.w.org\/{rel}","templated":true}]}}