{"id":59054,"date":"2017-10-16T00:00:00","date_gmt":"2017-10-16T06:00:00","guid":{"rendered":"https:\/\/dralvarez.com.mx\/larevista\/blog\/inaugura-el-gobernador-edicion-48-de-liga-de-futbol-marcelino-champagnat-18665"},"modified":"2017-10-16T00:00:00","modified_gmt":"2017-10-16T06:00:00","slug":"inaugura-el-gobernador-edicion-48-de-liga-de-futbol-marcelino-champagnat-18665","status":"publish","type":"post","link":"https:\/\/dralvarez.com.mx\/larevista\/yucatan\/inaugura-el-gobernador-edicion-48-de-liga-de-futbol-marcelino-champagnat-18665","title":{"rendered":"Inaugura el Gobernador edici\u00f3n 48 de Liga de F\u00fatbol &#8220;Marcelino Champagnat&#8221;"},"content":{"rendered":"<\/p>\n<p>Con la intervenci\u00f3n de jugadores de cuatro hasta 79 a\u00f1os de edad, inici\u00f3 la edici\u00f3n n\u00famero 48 del torneo de la Liga de F\u00fatbol &#8220;Marcelino Champagnat&#8221;, que adem\u00e1s de promover h\u00e1bitos saludables, fomenta los valores de tolerancia, respeto, disciplina y sana competencia.<\/p>\n<p>El Gobernador Rolando Zapata Bello y el presidente de dicho organismo, Jos\u00e9 Luis Millet Bolio, inauguraron la justa en la que m\u00e1s de 200 escuadras de 40 instituciones y clubes se disputar\u00e1n el campeonato 2017-2018 de una de las citas m\u00e1s grandes del balompi\u00e9 en la entidad.&nbsp;&nbsp;<\/p>\n<p>Acompa\u00f1ado del director del Instituto del Deporte (IDEY), Juan Sosa Puerto, el titular del Poder Ejecutivo subray\u00f3 que la actividad f\u00edsica es la ruta adecuada que permite formar ciudadanos virtuosos y ejemplares para que en el territorio se siga viviendo con paz y armon\u00eda.<\/p>\n<p>\u201cLa seguridad de nuestro estado no se trata nada m\u00e1s de polic\u00edas, no se trata nada m\u00e1s de patrullas, se trata de deporte, de prevenci\u00f3n, de vida sana y es lo que ustedes, padres de familia, le est\u00e1n inculcando a sus hijos. Sigan as\u00ed, sigamos as\u00ed, \u00e9ste es el mejor camino para nuestro querido Yucat\u00e1n\u201d, asever\u00f3.<\/p>\n<p>Ante directivos y padres de familia, record\u00f3 que hace 42 a\u00f1os se integr\u00f3 a esta Liga, anteriormente ubicada en la colonia Itzimn\u00e1, de la mano de su madre y su padre, y junto con su hermano particip\u00f3 durante seis a\u00f1os, periodo del que guarda recuerdos memorables.<\/p>\n<p>En presencia de autoridades acad\u00e9micas y deportivas, dio la patada inaugural en el campo del Colegio Montejo, con lo que se dio formal inicio a esta competici\u00f3n que tendr\u00e1 actividad cada semana en sus categor\u00edas de la rama infantil, cuatro de la juvenil, tres para veteranos y dos para la clasificaci\u00f3n femenil.<\/p>\n<p>Ante el director General del Colegio Montejo, Alfonso Marroqu\u00edn Ramos, y el superior de los Hermanos Maristas, Eduardo Torres Jim\u00e9nez, Zapata Bello resalt\u00f3 los valores que fomenta esta congregaci\u00f3n en la sociedad yucateca.<\/p>\n<p>En su intervenci\u00f3n, Millet Bolio les dese\u00f3 \u00e9xito a todos los conjuntos y pidi\u00f3 a sus integrantes a contribuir a la paz y al orden en todos los \u00e1mbitos de su vida.<\/p>\n<p>Durante la ceremonia, fueron reconocidos Jos\u00e9 Luis Llanes Narv\u00e1ez, por su labor coordinando la categor\u00eda de veteranos, y Gregorio Alberto Rubio Grajales, por su dedicaci\u00f3n cuando  fue presidente de la Liga &#8220;Marcelino Champagnat&#8221;, ambos por el impulso de los ideales de la hermandad a trav\u00e9s de la activaci\u00f3n f\u00edsica durante los \u00faltimo cuatro a\u00f1os.<\/p>\n<p>La celebraci\u00f3n de apertura ofreci\u00f3 un colorido desfile encabezado por el conjunto Am\u00e9rica M\u00e9rida y detr\u00e1s todas las escuadras de Rayados M\u00e9rida, Imperio M\u00e9rida, Tigres Cemex, Ateneo de M\u00e9rida, Barcelona Caucel, Broncos de G\u00e1lvez, C.F. Tigres, Conejos Bepensa, Cachorros de Izamal y FC Barcelona M\u00e9rida.<\/p>\n<p>Asimismo, Glorieta Chuburn\u00e1, Zorros IDEY, Linces FC, Palestinos FC, Real Tahmek, Real Marista, Renacimiento, Madison, M\u00e9rida Rush Soccer, Tigres Caucel, Tornados Chablekal, Cuervos de Tahmek, Catal\u00e1n JR, Colegio Montejo, CUM y Universidad Marista, entre otros.<\/p>\n<p><b>Discurso del Gobernador Rolando Zapata Bello<\/b><\/p>\n<\/p>\n<p>Muchas gracias y muy buenas tardes tengan todas y todos ustedes. Saludo con mucho respeto al hermano Eduardo Torres, much\u00edsimas gracias, hermano; al maestro Alfonso Marroqu\u00edn, much\u00edsimas gracias por su anfitrion\u00eda, por la bienvenida; muchas gracias maestra Nancy Dur\u00e1n; muchas gracias licenciando Jos\u00e9 Luis Millet Bolio, presidente de esta Liga \u201cMarcelino Champagnat\u201d.<u><\/u><u><\/u><\/p>\n<p>Saludo al se\u00f1or presidente municipal, licenciado Mauricio Vila Dosal, as\u00ed como a todas las autoridades que nos acompa\u00f1an esta tarde, a todos quienes hacen posible esta gran Liga. Y quiero iniciar extendiendo un reconocimiento, sum\u00e1ndome mejor dicho al reconocimiento, precisamente por ser la Liga m\u00e1s grande de nuestro estado.<u><\/u><u><\/u><\/p>\n<p>M\u00e1s de 200 equipos, m\u00e1s de dos mil 500 afiliados que van desde los cuatro a\u00f1os de edad hasta los 79 a\u00f1os. La verdad se dice f\u00e1cil, pero sabemos que detr\u00e1s hay un gran compromiso, no s\u00f3lo con los integrantes de la Liga, sino con toda la sociedad yucateca y es algo que reconocemos.<u><\/u><u><\/u><\/p>\n<p>Quiero felicitar a todos los participantes, a todos los ni\u00f1os, a todos los j\u00f3venes. Quiero decirles que el camino que est\u00e1n tomando es el mejor: el de la pr\u00e1ctica del deporte y el de una vida sana. Y quiero pedirles a todos los ni\u00f1os que se esfuercen, que obedezcan a sus pap\u00e1s, que obedezcan a sus entrenadores, que le echen muchas ganas, que compitan, pero fundamentalmente que se diviertan.<u><\/u><u><\/u><\/p>\n<p>Que se diviertan para que ejerzan como ni\u00f1os el derecho a la ni\u00f1ez m\u00e1s importante, que es el derecho a ser felices. Y a todos los j\u00f3venes quiero pedirles tambi\u00e9n que le echen muchas ganas, mucho entusiasmo. Felicitarles por estar cerca del deporte, por estar en la vida sana.<u><\/u><u><\/u><\/p>\n<p>Y pedimos a todos que le garanticemos a nuestra juventud que puedan ejercer el principal de los derechos de los j\u00f3venes, que es el de contar con la esperanza en un mejor futuro, en un futuro mejor.<u><\/u><u><\/u><\/p>\n<p>Me emociona mucho decirles que hace exactamente 42 a\u00f1os, y esto quiero dec\u00edrselos de todo coraz\u00f3n a los padres de familia, a los pap\u00e1s, a las mam\u00e1s, &nbsp;a los hermanos, a las familias que est\u00e1n aqu\u00ed apoyando a todos los deportistas y que no s\u00f3lo vienen hoy a la inauguraci\u00f3n de los partidos, sino que a los entrenamientos.<u><\/u><u><\/u><\/p>\n<p>&nbsp;Quiero decirles que hace 42 a\u00f1os, de la mano de mi mam\u00e1 y de mi pap\u00e1, vine precisamente a esta Liga, junto con mi hermano, y participamos durante seis a\u00f1os, bueno, ah\u00ed en Itzimn\u00e1.<u><\/u><u><\/u><\/p>\n<p>Y por eso, testimonialmente, quiero expresarles mi gratitud a esta Liga, porque he sido testigo, personalmente, y junto a muchos, muchos incontables amigos de generaci\u00f3n y de m\u00faltiples generaciones, constatar que es muy cierto lo que ha dicho aqu\u00ed el hermano Eduardo Torres, el maestro Alfonso Marroqu\u00edn y, por supuesto, Jos\u00e9 Luis Millet, reconocer la gran aportaci\u00f3n que esta Liga le hace a la sociedad formando buenos ciudadanos, ciudadanos virtuosos, ciudadanos ejemplares.<u><\/u><u><\/u><\/p>\n<p>Y quiero decirles, y se los digo hoy como Gobernador, pero pues esta ser\u00e1 la \u00faltima ocasi\u00f3n que venga a la Liga como Gobernador, porque dentro de un a\u00f1o ya no ser\u00e9 Gobernador, y es decirles, con mucha emoci\u00f3n, que \u00e9ste es el mejor camino que podemos seguir todos para que en Yucat\u00e1n se siga viviendo con paz y con armon\u00eda.<u><\/u><u><\/u><\/p>\n<p>La seguridad de nuestro estado no se trata nada m\u00e1s de polic\u00edas, no se trata nada m\u00e1s de patrullas, se trata de deporte, de prevenci\u00f3n, de vida sana y es lo que ustedes, padres de familia, le est\u00e1n inculcando a sus hijos.<u><\/u><u><\/u><\/p>\n<p>Sigan as\u00ed, sigamos as\u00ed, \u00e9ste es el mejor camino para nuestro querido Yucat\u00e1n. Enhorabuena a todos y muchas felicidades, y muchas gracias a la comunidad marista por esta gran labor y por este gran ejemplo que nos brindan todos los d\u00edas.<u><\/u><u><\/u><\/p>\n<p>Y expresado esto, con una gran satisfacci\u00f3n, me permito expresar que siendo el d\u00eda de hoy 14 de octubre del a\u00f1o en curso, me es muy grato declarar formalmente inaugurada la cuadrag\u00e9sima octava edici\u00f3n del torneo de Liga de F\u00fatbol \u201cMarcelino Champagnat\u201d, con la plena seguridad de que se realizar\u00e1 exitosamente como las 47 ediciones anteriores.<u><\/u><u><\/u><\/p>\n<p>Muchas felicidades. Enhorabuena a todos. Mucho \u00e9xito.<\/p><\/p>\n","protected":false},"excerpt":{"rendered":"<p>M\u00e1s de 200 equipos de 40 instituciones participan en la justa deportiva.<\/p>\n","protected":false},"author":1018,"featured_media":0,"comment_status":"open","ping_status":"open","sticky":false,"template":"","format":"standard","meta":{"tdm_status":"","tdm_grid_status":"","footnotes":""},"categories":[21],"tags":[],"_links":{"self":[{"href":"https:\/\/dralvarez.com.mx\/larevista\/wp-json\/wp\/v2\/posts\/59054"}],"collection":[{"href":"https:\/\/dralvarez.com.mx\/larevista\/wp-json\/wp\/v2\/posts"}],"about":[{"href":"https:\/\/dralvarez.com.mx\/larevista\/wp-json\/wp\/v2\/types\/post"}],"author":[{"embeddable":true,"href":"https:\/\/dralvarez.com.mx\/larevista\/wp-json\/wp\/v2\/users\/1018"}],"replies":[{"embeddable":true,"href":"https:\/\/dralvarez.com.mx\/larevista\/wp-json\/wp\/v2\/comments?post=59054"}],"version-history":[{"count":0,"href":"https:\/\/dralvarez.com.mx\/larevista\/wp-json\/wp\/v2\/posts\/59054\/revisions"}],"wp:attachment":[{"href":"https:\/\/dralvarez.com.mx\/larevista\/wp-json\/wp\/v2\/media?parent=59054"}],"wp:term":[{"taxonomy":"category","embeddable":true,"href":"https:\/\/dralvarez.com.mx\/larevista\/wp-json\/wp\/v2\/categories?post=59054"},{"taxonomy":"post_tag","embeddable":true,"href":"https:\/\/dralvarez.com.mx\/larevista\/wp-json\/wp\/v2\/tags?post=59054"}],"curies":[{"name":"wp","href":"https:\/\/api.w.org\/{rel}","templated":true}]}}