{"id":59051,"date":"2017-10-16T00:00:00","date_gmt":"2017-10-16T06:00:00","guid":{"rendered":"https:\/\/dralvarez.com.mx\/larevista\/blog\/planean-convertir-la-plancha-en-un-gran-parque-urbano-18662"},"modified":"2017-10-16T00:00:00","modified_gmt":"2017-10-16T06:00:00","slug":"planean-convertir-la-plancha-en-un-gran-parque-urbano-18662","status":"publish","type":"post","link":"https:\/\/dralvarez.com.mx\/larevista\/yucatan\/planean-convertir-la-plancha-en-un-gran-parque-urbano-18662","title":{"rendered":"Planean convertir La Plancha en un gran parque urbano"},"content":{"rendered":"<\/p>\n<p>El secretario t\u00e9cnico de Planeaci\u00f3n y Evaluaci\u00f3n del gobierno de Yucat\u00e1n, Guillermo Cort\u00e9s Gonz\u00e1lez, asegur\u00f3 que dentro de unos meses, los terrenos de La Plancha ser\u00e1n rehabilitados y convertidos en un parque urbano para reactivar la actividad en el centro de M\u00e9rida.<\/p>\n<p>En entrevista en el programa &#8220;Aqu\u00ed en Corto&#8221;, que se transmite todos los s\u00e1bados a trav\u00e9s de La Mejor 90.1 FM, el funcionario indic\u00f3 que esto es posible gracias a que las actividades que desde hace muchos a\u00f1os se realizan en la zona ser\u00e1n trasladadas a finales de este a\u00f1o a la nueva terminal de trenes de carga, que desde hace siete meses se construye en Poxil\u00e1, Um\u00e1n y en la que el gobierno estatal y federal invierten en conjunto 76 millones de pesos.<\/p>\n<p>&#8220;Est\u00e1 destinado a ser un gran espacio p\u00fablico al servicio de los meridanos y yucatecos, con \u00e1reas arboladas&#8221;, indic\u00f3 Cort\u00e9s Gonz\u00e1lez.<\/p>\n<p>Para ello, explic\u00f3, se tomaron en cuenta las inquietudes de m\u00e1s de 500 integrantes de la sociedad civil organizada, mismas que fueron integradas en un plan maestro hecho con el apoyo de la Universidad Nacional Aut\u00f3noma de M\u00e9xico (UNAM), instituci\u00f3n con la cual se firm\u00f3 un acuerdo de colaboraci\u00f3n en diciembre de 2016.<\/p>\n<p>&#8220;Ha sido un trabajo de todo un a\u00f1o. Cuando se hablaba de rescatar este espacio, (de unas 24 hect\u00e1reas aproximadamente) nunca se hab\u00eda tocado el tema fundamental, que era trasladar las actividades ferroviarias fuera de La Plancha&#8221;, se\u00f1al\u00f3.<\/p>\n<p>Precis\u00f3 que la rehabilitaci\u00f3n est\u00e1 prevista en varias etapas, que se resumen en trasladar todos los equipos y estructuras hacia la nueva terminal en Um\u00e1n, y luego limpiar la maleza y desperdicios de la zona, organizada por sectores.<\/p>\n<p>A\u00f1adi\u00f3 que en primera instancia se remozar\u00e1n unas ocho hect\u00e1reas, mismas que limitan con la antigua estaci\u00f3n de pasajeros, donde actualmente se ubica la Escuela Superior de Artes de Yucat\u00e1n (ESAY), y de las cuales ya se tiene avance en dos de ellas.<\/p>\n<p>Se espera que La Plancha se transforme en un sitio acorde con las necesidades y atractivos del Centro Hist\u00f3rico y Paseo de Montejo, con ofertas educativas y culturales, as\u00ed como con la capacidad de albergar comercios que reactiven la econom\u00eda de la zona oriente del centro meridano.<\/p><\/p>\n","protected":false},"excerpt":{"rendered":"<p>El secretario t\u00e9cnico de Planeaci\u00f3n y Evaluaci\u00f3n del gobierno de Yucat\u00e1n, Guillermo Cort\u00e9s Gonz\u00e1lez, asegur\u00f3 que dentro de unos meses, los terrenos de<\/p>\n","protected":false},"author":1018,"featured_media":0,"comment_status":"open","ping_status":"open","sticky":false,"template":"","format":"standard","meta":{"tdm_status":"","tdm_grid_status":"","footnotes":""},"categories":[21],"tags":[],"_links":{"self":[{"href":"https:\/\/dralvarez.com.mx\/larevista\/wp-json\/wp\/v2\/posts\/59051"}],"collection":[{"href":"https:\/\/dralvarez.com.mx\/larevista\/wp-json\/wp\/v2\/posts"}],"about":[{"href":"https:\/\/dralvarez.com.mx\/larevista\/wp-json\/wp\/v2\/types\/post"}],"author":[{"embeddable":true,"href":"https:\/\/dralvarez.com.mx\/larevista\/wp-json\/wp\/v2\/users\/1018"}],"replies":[{"embeddable":true,"href":"https:\/\/dralvarez.com.mx\/larevista\/wp-json\/wp\/v2\/comments?post=59051"}],"version-history":[{"count":0,"href":"https:\/\/dralvarez.com.mx\/larevista\/wp-json\/wp\/v2\/posts\/59051\/revisions"}],"wp:attachment":[{"href":"https:\/\/dralvarez.com.mx\/larevista\/wp-json\/wp\/v2\/media?parent=59051"}],"wp:term":[{"taxonomy":"category","embeddable":true,"href":"https:\/\/dralvarez.com.mx\/larevista\/wp-json\/wp\/v2\/categories?post=59051"},{"taxonomy":"post_tag","embeddable":true,"href":"https:\/\/dralvarez.com.mx\/larevista\/wp-json\/wp\/v2\/tags?post=59051"}],"curies":[{"name":"wp","href":"https:\/\/api.w.org\/{rel}","templated":true}]}}