{"id":59046,"date":"2017-10-16T00:00:00","date_gmt":"2017-10-16T06:00:00","guid":{"rendered":"https:\/\/dralvarez.com.mx\/larevista\/blog\/invitan-a-meridanos-a-formar-parte-del-cortejo-del-paseo-de-animas-18657"},"modified":"2017-10-16T00:00:00","modified_gmt":"2017-10-16T06:00:00","slug":"invitan-a-meridanos-a-formar-parte-del-cortejo-del-paseo-de-animas-18657","status":"publish","type":"post","link":"https:\/\/dralvarez.com.mx\/larevista\/yucatan\/invitan-a-meridanos-a-formar-parte-del-cortejo-del-paseo-de-animas-18657","title":{"rendered":"Invitan a meridanos a formar parte del cortejo del Paseo de \u00c1nimas"},"content":{"rendered":"<\/p>\n<div>M\u00e9rida, Yucat\u00e1n; 14 de octubre de 2017 (ACOM).-Meridanos podr\u00e1n formar parte del cortejo que partir\u00e1 del Cementerio General, en una edici\u00f3n m\u00e1s del Paseo de las \u00c1nimas, seg\u00fan dieron a conocer autoridades.<\/div>\n<div><\/div>\n<div>En rueda de prensa efectuada en el jard\u00edn bot\u00e1nico de la Ermita de Santa Isabel, el alcalde de M\u00e9rida, Mauricio Vila Dosal, inform\u00f3 que en lo que respecta al &#8220;Festival de las \u00c1nimas&#8221;, se prepar\u00f3 una serie de actividades culturales relacionadas con la conmemoraci\u00f3n del D\u00eda de Muertos, que se realizar\u00e1n del 23 al 30 de octubre.<\/div>\n<div><\/div>\n<div>En ese tenor, indic\u00f3 que el Paseo de las \u00c1nimas ser\u00e1 el viernes 27 de octubre a las 8 de la noche, evento en el que se espera la participaci\u00f3n de m\u00e1s de 50 mil personas, as\u00ed como de altares y \u00e1nimas.<\/div>\n<div><\/div>\n<div>Invit\u00f3 a los meridanos a participar en dicha tradici\u00f3n, una de las m\u00e1s esperadas del a\u00f1o.<\/div>\n<div><\/div>\n<div>Asimismo, destac\u00f3 que dentro los eventos, el 28 de octubre se inaugurar\u00e1 el Camino de las \u00c1nimas, una muestra de esculturas florales con la forma trovadores difuntos, el cual estar\u00e1 abierto al p\u00fablico hasta mediados de noviembre.<\/div>\n<div><\/div>\n<div>Por su parte, el coordinador de Pol\u00edtica Comunitaria y Social de la Comuna, V\u00edctor Hugo Lozano Poveda, indic\u00f3 que dentro del Festival de las \u00c1nimas habr\u00e1 obras de teatro, una exposici\u00f3n fotogr\u00e1fica denominada &#8220;Pixanes&#8221;.<\/div>\n<div><\/div>\n<div>El 25 de octubre, habr\u00e1 una ceremonia maya y un recorrido nocturno en bicicleta; el d\u00eda 26 se proyectar\u00e1 un documental referente al D\u00eda de Muertos en el Centro Municipal de Danza, as\u00ed como la Serenata de Santa Luc\u00eda; el 27 ser\u00e1 el Paseo de las \u00c1nimas, junto con varios eventos teatrales y el juego de pelota maya.<\/div>\n<div><\/div>\n<div>El 28 de octubre, se pondr\u00e1 en marcha paseo de las flores de las \u00e1nimas y la noche de catrinas, el d\u00eda 29 habr\u00e1 actividades en M\u00e9rida en domingo, mientras que el 30 de octubre se realizar\u00e1 la vaquer\u00eda de las \u00e1nimas.<\/div>\n<div><\/div>\n<div>A su vez, la directora de Desarrollo Social, Cecilia Patr\u00f3n Laviada, convoc\u00f3 a los ciudadanos para participar en la muestra de altares, para lo cual pueden inscribirse hasta el 20 de octubre.<\/div>\n<div><\/div>\n<div>En cuanto a los que quieran ser parte del cortejo de las \u00e1nimas, pueden apuntarse hasta un d\u00eda antes del evento.<\/div>\n<div><\/div>\n<div>Record\u00f3 que el a\u00f1o pasado fueron m\u00e1s mil personas las que personificaron a las \u00e1nimas durante el recorrido que va del Cementerio General al Barrio de San Juan.<\/div>\n<div><\/div>\n<div>Indic\u00f3 que tambi\u00e9n se instalar\u00e1n 4 puntos con escenarios en los que habr\u00e1 eventos art\u00edsticos y culturales que estar\u00e1n en el Cementerio, el Jard\u00edn bot\u00e1nico de la Ermita, El Diamante y el parque de San Juan.<\/div><\/p>\n","protected":false},"excerpt":{"rendered":"<p>Meridanos podr\u00e1n formar parte del cortejo que partir\u00e1 del Cementerio General, en una edici\u00f3n m\u00e1s del Paseo de las \u00c1nimas, seg\u00fan dieron a conocer autor<\/p>\n","protected":false},"author":1018,"featured_media":0,"comment_status":"open","ping_status":"open","sticky":false,"template":"","format":"standard","meta":{"tdm_status":"","tdm_grid_status":"","footnotes":""},"categories":[21],"tags":[],"_links":{"self":[{"href":"https:\/\/dralvarez.com.mx\/larevista\/wp-json\/wp\/v2\/posts\/59046"}],"collection":[{"href":"https:\/\/dralvarez.com.mx\/larevista\/wp-json\/wp\/v2\/posts"}],"about":[{"href":"https:\/\/dralvarez.com.mx\/larevista\/wp-json\/wp\/v2\/types\/post"}],"author":[{"embeddable":true,"href":"https:\/\/dralvarez.com.mx\/larevista\/wp-json\/wp\/v2\/users\/1018"}],"replies":[{"embeddable":true,"href":"https:\/\/dralvarez.com.mx\/larevista\/wp-json\/wp\/v2\/comments?post=59046"}],"version-history":[{"count":0,"href":"https:\/\/dralvarez.com.mx\/larevista\/wp-json\/wp\/v2\/posts\/59046\/revisions"}],"wp:attachment":[{"href":"https:\/\/dralvarez.com.mx\/larevista\/wp-json\/wp\/v2\/media?parent=59046"}],"wp:term":[{"taxonomy":"category","embeddable":true,"href":"https:\/\/dralvarez.com.mx\/larevista\/wp-json\/wp\/v2\/categories?post=59046"},{"taxonomy":"post_tag","embeddable":true,"href":"https:\/\/dralvarez.com.mx\/larevista\/wp-json\/wp\/v2\/tags?post=59046"}],"curies":[{"name":"wp","href":"https:\/\/api.w.org\/{rel}","templated":true}]}}