{"id":59037,"date":"2017-10-16T00:00:00","date_gmt":"2017-10-16T06:00:00","guid":{"rendered":"https:\/\/dralvarez.com.mx\/larevista\/blog\/liborio-vidal-comparte-experiencias-con-el-sector-empresarial-18647"},"modified":"2017-10-16T00:00:00","modified_gmt":"2017-10-16T06:00:00","slug":"liborio-vidal-comparte-experiencias-con-el-sector-empresarial-18647","status":"publish","type":"post","link":"https:\/\/dralvarez.com.mx\/larevista\/yucatan\/liborio-vidal-comparte-experiencias-con-el-sector-empresarial-18647","title":{"rendered":"Liborio Vidal comparte experiencias con el sector empresarial"},"content":{"rendered":"<\/p>\n<p>M\u00e9rida, Yucat\u00e1n, a 13 de octubre de 2017. Liborio Vidal Aguilar comparti\u00f3 experiencias con un grupo de empresarios que manifest\u00f3 su inter\u00e9s por conocer c\u00f3mo funciona a profundidad el servicio p\u00fablico y realizar propuestas para generar mejores condiciones para el sector privado del Estado.<\/p>\n<p>\u201cTenemos que fortalecer nuestro mercado interno, tenemos que darle la oportunidad a los empresarios yucatecos, a los profesionistas yucatecos, a los campesinos yucatecos, a los hombre y las mujeres de este Estado porque somos quienes lo conocemos y quienes deseamos que crezca y se desarrolle\u201d, manifest\u00f3 Vidal Aguilar.<\/p>\n<p>El grupo habl\u00f3 de la importancia de poder agilizar los tr\u00e1mites, pues esto permitir\u00eda una administraci\u00f3n m\u00e1s eficiente del tiempo, de los recursos econ\u00f3micos y del capital humano con el que cuentan.<\/p>\n<p>Ante este planteamiento Liborio Vidal habl\u00f3 de la iniciativa de ley sobre Gobierno Electr\u00f3nico que present\u00f3 ante la C\u00e1mara de Diputados con el prop\u00f3sito de incrementar los servicios automatizados en los tres niveles de gobierno para facilitar los tr\u00e1mites de los ciudadanos y reducir la corrupci\u00f3n.<\/p>\n<p>\u201cLa corrupci\u00f3n en M\u00e9xico nos cuesta en la econom\u00eda del pa\u00eds y tambi\u00e9n en la econom\u00eda familiar  y eso es algo que debemos combatir de forma inteligente, es nuestra misi\u00f3n buscar los m\u00e9todos m\u00e1s efectivos para proteger a los ciudadanos\u201d, se\u00f1al\u00f3.<\/p>\n<p>Tambi\u00e9n destac\u00f3 que en la entidad el gobernador Rolando Zapata Bello est\u00e1 poniendo las bases para detonar el desarrollo y que las estad\u00edsticas a nivel estatal demuestran un avance como la generaci\u00f3n de 240 empleos formales cada semana, el 11.5% de crecimiento en el sector manufacturero y el 9.2% de crecimiento en el sector industrial.<\/p>\n<p>\u201cEl crecimiento de la industria, aunado al turismo, a la seguridad con que vivimos en este Estado, las ventajas fiscales que significar\u00e1 la Zona Econ\u00f3mica Especial, el incremento en el calado del Puerto de Altura, las bellezas naturales y arquitect\u00f3nicas, la deliciosa comida y la hermosa gente de Yucat\u00e1n, hacen que Yucat\u00e1n se est\u00e9 convirtiendo en un excelente lugar para invertir\u201d, puntualiz\u00f3 Vidal Aguilar.<\/p><\/p>\n","protected":false},"excerpt":{"rendered":"<p>Inter\u00e9s en generar m\u00e1s empleos y fortalecer el mercado interno.<\/p>\n","protected":false},"author":1018,"featured_media":0,"comment_status":"open","ping_status":"open","sticky":false,"template":"","format":"standard","meta":{"tdm_status":"","tdm_grid_status":"","footnotes":""},"categories":[21],"tags":[],"_links":{"self":[{"href":"https:\/\/dralvarez.com.mx\/larevista\/wp-json\/wp\/v2\/posts\/59037"}],"collection":[{"href":"https:\/\/dralvarez.com.mx\/larevista\/wp-json\/wp\/v2\/posts"}],"about":[{"href":"https:\/\/dralvarez.com.mx\/larevista\/wp-json\/wp\/v2\/types\/post"}],"author":[{"embeddable":true,"href":"https:\/\/dralvarez.com.mx\/larevista\/wp-json\/wp\/v2\/users\/1018"}],"replies":[{"embeddable":true,"href":"https:\/\/dralvarez.com.mx\/larevista\/wp-json\/wp\/v2\/comments?post=59037"}],"version-history":[{"count":0,"href":"https:\/\/dralvarez.com.mx\/larevista\/wp-json\/wp\/v2\/posts\/59037\/revisions"}],"wp:attachment":[{"href":"https:\/\/dralvarez.com.mx\/larevista\/wp-json\/wp\/v2\/media?parent=59037"}],"wp:term":[{"taxonomy":"category","embeddable":true,"href":"https:\/\/dralvarez.com.mx\/larevista\/wp-json\/wp\/v2\/categories?post=59037"},{"taxonomy":"post_tag","embeddable":true,"href":"https:\/\/dralvarez.com.mx\/larevista\/wp-json\/wp\/v2\/tags?post=59037"}],"curies":[{"name":"wp","href":"https:\/\/api.w.org\/{rel}","templated":true}]}}