{"id":59032,"date":"2017-10-13T00:00:00","date_gmt":"2017-10-13T06:00:00","guid":{"rendered":"https:\/\/dralvarez.com.mx\/larevista\/blog\/mejoran-escuelas-para-estudiantes-de-kinchil-18641"},"modified":"2017-10-13T00:00:00","modified_gmt":"2017-10-13T06:00:00","slug":"mejoran-escuelas-para-estudiantes-de-kinchil-18641","status":"publish","type":"post","link":"https:\/\/dralvarez.com.mx\/larevista\/yucatan\/mejoran-escuelas-para-estudiantes-de-kinchil-18641","title":{"rendered":"Mejoran escuelas para estudiantes de Kinchil"},"content":{"rendered":"<\/p>\n<p>Kinchil, Yucat\u00e1n, 13 de octubre de 2017.- En un esfuerzo conjunto entre la Secretar\u00eda de Educaci\u00f3n del Gobierno del Estado (Segey) y el Ayuntamiento de Kinchil, dos planteles de educaci\u00f3n b\u00e1sica y m\u00e1s de 470 alumnos resultaron beneficiados con obras de infraestructura y trabajos de rehabilitaci\u00f3n.<\/p>\n<p>Ante estudiantes y padres de familia, el titular de la dependencia, V\u00edctor Caballero Dur\u00e1n, se\u00f1al\u00f3 que el reto actual es asegurar que todos los ni\u00f1os vayan a la escuela, desde preescolar hasta bachillerato, ya que de esta manera aumentan sus oportunidades de tener una mejor calidad de vida.<\/p>\n<p>\u201cCuando hay una necesidad siempre pensamos en atender a los m\u00e1s peque\u00f1os. Lo que aqu\u00ed aprendan les va a servir para su vida. Si aqu\u00ed tienen buena educaci\u00f3n, adquieren habilidades, buenos valores y costumbres, cuando est\u00e9n en primaria y secundaria s\u00f3lo van a continuar con esa formaci\u00f3n, por eso son nuestra prioridad\u201d, indic\u00f3.<\/p>\n<p>Como fruto de estas acciones, en el Preescolar \u201cChan Xi Pal\u201d se construy\u00f3 un domo en la plaza c\u00edvica y se otorg\u00f3 material deportivo para que las ni\u00f1as y ni\u00f1os realicen sus actividades f\u00edsicas protegidos del sol y la lluvia.<\/p>\n<p>Asimismo, con un recurso de 350 mil pesos del Programa Reforma Educativa (PRE), se edificaron el p\u00f3rtico y una bodega, se rehabilitaron los sanitarios y se cambiaron muebles de ba\u00f1o, llaves y canceler\u00eda, adem\u00e1s de que se adapt\u00f3 un ba\u00f1o para personas con discapacidad.<\/p>\n<p>Posteriormente, las autoridades se dirigieron a la Secundaria T\u00e9cnica n\u00famero 18 \u201cFelipa Poot\u201d para inaugurar el aula de usos m\u00faltiples, la cual antes era utilizada como bodega y ahora ser\u00e1 un recinto que servir\u00e1 para que alumnos y maestros desempe\u00f1en labores art\u00edsticas, l\u00fadicas y acad\u00e9micas.<\/p>\n<p>Al hacer entrega de los trabajos, el presidente municipal de Kinchil, Irvin Pist\u00e9 Canul, mencion\u00f3 que su administraci\u00f3n siempre ha estado dispuesta a apoyar a la ense\u00f1anza para que los estudiantes no se queden en el camino y puedan salir adelante.<\/p>\n<div><\/div>\n<div>\n<p>\u201cLos ni\u00f1os no son nuestro futuro, son el presente y hay que trabajar por ellos hoy. Si les brindamos mejores espacios, buenos maestros y una educaci\u00f3n de calidad podremos tener mejores ciudadanos. Las autoridades se van, pero las obras se quedan para beneficiar a la comunidad\u201d, puntualiz\u00f3.<\/p>\n<\/div>\n","protected":false},"excerpt":{"rendered":"<p>En un esfuerzo conjunto entre la Secretar\u00eda de Educaci\u00f3n del Gobierno del Estado (Segey) y el Ayuntamiento de Kinchil, dos planteles de educaci\u00f3n b\u00e1si<\/p>\n","protected":false},"author":1018,"featured_media":0,"comment_status":"open","ping_status":"open","sticky":false,"template":"","format":"standard","meta":{"tdm_status":"","tdm_grid_status":"","footnotes":""},"categories":[21],"tags":[],"_links":{"self":[{"href":"https:\/\/dralvarez.com.mx\/larevista\/wp-json\/wp\/v2\/posts\/59032"}],"collection":[{"href":"https:\/\/dralvarez.com.mx\/larevista\/wp-json\/wp\/v2\/posts"}],"about":[{"href":"https:\/\/dralvarez.com.mx\/larevista\/wp-json\/wp\/v2\/types\/post"}],"author":[{"embeddable":true,"href":"https:\/\/dralvarez.com.mx\/larevista\/wp-json\/wp\/v2\/users\/1018"}],"replies":[{"embeddable":true,"href":"https:\/\/dralvarez.com.mx\/larevista\/wp-json\/wp\/v2\/comments?post=59032"}],"version-history":[{"count":0,"href":"https:\/\/dralvarez.com.mx\/larevista\/wp-json\/wp\/v2\/posts\/59032\/revisions"}],"wp:attachment":[{"href":"https:\/\/dralvarez.com.mx\/larevista\/wp-json\/wp\/v2\/media?parent=59032"}],"wp:term":[{"taxonomy":"category","embeddable":true,"href":"https:\/\/dralvarez.com.mx\/larevista\/wp-json\/wp\/v2\/categories?post=59032"},{"taxonomy":"post_tag","embeddable":true,"href":"https:\/\/dralvarez.com.mx\/larevista\/wp-json\/wp\/v2\/tags?post=59032"}],"curies":[{"name":"wp","href":"https:\/\/api.w.org\/{rel}","templated":true}]}}