{"id":59031,"date":"2017-10-13T00:00:00","date_gmt":"2017-10-13T06:00:00","guid":{"rendered":"https:\/\/dralvarez.com.mx\/larevista\/blog\/profeco-estara-atento-al-precio-de-la-masa-para-los-pibes-18640"},"modified":"2017-10-13T00:00:00","modified_gmt":"2017-10-13T06:00:00","slug":"profeco-estara-atento-al-precio-de-la-masa-para-los-pibes-18640","status":"publish","type":"post","link":"https:\/\/dralvarez.com.mx\/larevista\/yucatan\/profeco-estara-atento-al-precio-de-la-masa-para-los-pibes-18640","title":{"rendered":"Profeco estar\u00e1 atento al precio de la masa para los pibes"},"content":{"rendered":"<\/p>\n<p>M\u00e9rida, Yucat\u00e1n; 13 de octubre de 2017 (ACOM).- El costo en el precio de la masa habr\u00eda tenido un aumento no justificado durante estas fechas, por lo que la Procuradur\u00eda Federal del Consumidor (Profeco) comenzar\u00e1 a verificar el motivo por el cual ocurri\u00f3, asegur\u00f3 Jos\u00e9 Nev\u00e1rez Cervera, titular de la dependencia en Yucat\u00e1n.<\/p>\n<p>Seg\u00fan el funcionario federal, se detect\u00f3 que algunos establecimientos ofertan el kilo de masa en 15 pesos, algo que no concuerda con el sistema de vigilancia de la dependencia en cuanto al comportamiento comercial, por lo que mencion\u00f3 que habr\u00e1 visitas de verificaci\u00f3n para averiguar el motivo de este precio, aunque no especific\u00f3 cu\u00e1l es el precio real del producto.<\/p>\n<p>Lo que si dej\u00f3 en claro, es que la Profeco tiene la facultad de requerir documentaci\u00f3n sobre proveedores a los comerciantes, de modo que estos puedan justificar el alza en alg\u00fan producto. De no hacerlo, la dependencia aplicar\u00eda la multa correspondiente por atentar contra la Ley Federal del Consumidor.<\/p>\n<p>&#8220;Tenemos que verificar si esto se debe a alg\u00fan incremento o si es un alza relacionada con la \u00e9poca de muertos&#8221;, apunt\u00f3.<\/p>\n<p>Mencion\u00f3 que como parte de la vigilancia por el D\u00eda de Muertos, la Profeco realiza inspecciones en centros de abasto y otros establecimientos que expenden productos relacionados con la \u00e9poca, adem\u00e1s de que mantiene monitoreo constante de los insumos para la elaboraci\u00f3n del mucbilpollo.<\/p>\n<div>\n<p>En ese tenor, inform\u00f3 que la carne de cerdo alcanza los 70 pesos por kilo, mientras que el pollo est\u00e1 en 35.<\/p>\n<p>El tomate se fij\u00f3 en 20 por kilo, la cebolla en 36, la hoja de pl\u00e1tano oscila entre los 10 y 15 pesos, el espel\u00f3n en 20, mientras que frutas como la j\u00edcama y la naranja se ofertan en 10 y nueve pesos por kilo, respectivamente.<\/p>\n<p>Nav\u00e1rez Cervera mencion\u00f3 que aunque no es com\u00fan que haya incrementos arbitrarios, s\u00ed pudieran darse algunos casos, por lo que insisti\u00f3 en que la autoridad estar\u00e1 al pendiente de cualquier posible abuso.<\/p>\n<\/div>\n","protected":false},"excerpt":{"rendered":"<p>El costo en el precio de la masa habr\u00eda tenido un aumento no justificado durante estas fechas, por lo que la Procuradur\u00eda Federal del Consumidor (Prof<\/p>\n","protected":false},"author":1018,"featured_media":0,"comment_status":"open","ping_status":"open","sticky":false,"template":"","format":"standard","meta":{"tdm_status":"","tdm_grid_status":"","footnotes":""},"categories":[21],"tags":[],"_links":{"self":[{"href":"https:\/\/dralvarez.com.mx\/larevista\/wp-json\/wp\/v2\/posts\/59031"}],"collection":[{"href":"https:\/\/dralvarez.com.mx\/larevista\/wp-json\/wp\/v2\/posts"}],"about":[{"href":"https:\/\/dralvarez.com.mx\/larevista\/wp-json\/wp\/v2\/types\/post"}],"author":[{"embeddable":true,"href":"https:\/\/dralvarez.com.mx\/larevista\/wp-json\/wp\/v2\/users\/1018"}],"replies":[{"embeddable":true,"href":"https:\/\/dralvarez.com.mx\/larevista\/wp-json\/wp\/v2\/comments?post=59031"}],"version-history":[{"count":0,"href":"https:\/\/dralvarez.com.mx\/larevista\/wp-json\/wp\/v2\/posts\/59031\/revisions"}],"wp:attachment":[{"href":"https:\/\/dralvarez.com.mx\/larevista\/wp-json\/wp\/v2\/media?parent=59031"}],"wp:term":[{"taxonomy":"category","embeddable":true,"href":"https:\/\/dralvarez.com.mx\/larevista\/wp-json\/wp\/v2\/categories?post=59031"},{"taxonomy":"post_tag","embeddable":true,"href":"https:\/\/dralvarez.com.mx\/larevista\/wp-json\/wp\/v2\/tags?post=59031"}],"curies":[{"name":"wp","href":"https:\/\/api.w.org\/{rel}","templated":true}]}}