{"id":59029,"date":"2017-10-13T00:00:00","date_gmt":"2017-10-13T06:00:00","guid":{"rendered":"https:\/\/dralvarez.com.mx\/larevista\/blog\/zapateros-y-textileros-con-altas-expectativas-en-la-expoferia-del-comercio-18638"},"modified":"2017-10-13T00:00:00","modified_gmt":"2017-10-13T06:00:00","slug":"zapateros-y-textileros-con-altas-expectativas-en-la-expoferia-del-comercio-18638","status":"publish","type":"post","link":"https:\/\/dralvarez.com.mx\/larevista\/yucatan\/zapateros-y-textileros-con-altas-expectativas-en-la-expoferia-del-comercio-18638","title":{"rendered":"Zapateros y textileros con altas expectativas en la Expoferia del Comercio"},"content":{"rendered":"<\/p>\n<p><b>M\u00e9rida, Yucat\u00e1n, 13 de octubre de<br \/>\n2017.-<\/b>&nbsp;Los<br \/>\nzapateros y textileros participan con \u00e9xito en la Expoferia del Comercio de la<br \/>\nC\u00e1mara Nacional de Comercio, Servicios y Turismo de M\u00e9rida (Canacome), que en<br \/>\nsu edici\u00f3n 19 contempla la participaci\u00f3n de m\u00e1s 427 empresarios y negocios de<br \/>\nla entidad.<\/p>\n<p>Los productores de calzado se\u00f1alaron<br \/>\nque la Expoferia del Comercio es una importante ventana de oportunidades para<br \/>\ncolocar sus productos, principalmente realizados en f\u00e1bricas familiares.<\/p>\n<p>Los expendedores comentaron que los<br \/>\nzapatos que se adquieren en sus pabellones ubicados al interior del Centro de<br \/>\nConvenciones Siglo XXI, se ahorran hasta 40 por ciento comparado con los<br \/>\nprecios en el mercado local.<\/p>\n<p>Marco Manuel Puerto Chay, productor de<br \/>\ncalzados del municipio de Hunucm\u00e1 y gerente de zapater\u00eda las Gemelas, destac\u00f3<br \/>\nque los modelos expuestos en la Expoferia del Comercio son de vanguardia y<br \/>\nest\u00e1n a la altura de los mejores cat\u00e1logos de la ciudad.<\/p>\n<p>\u201cNosotros realizamos un trabajo<br \/>\nartesanal completamente, nuestros modelos son muy modernos y actualizados a los<br \/>\nmejores cat\u00e1logos locales y nacionales, por ello, los asistentes a este evento<br \/>\npodr\u00e1n encontrar calzado muy moderno, actualizado y con calidad garantizada\u201d,<br \/>\napunt\u00f3.<\/p>\n<p>Por su parte, Fidencio Herrera Poot,<br \/>\ndirector de calzado Fidher, detall\u00f3 que los 12 artesanos de Hunucm\u00e1 colocar\u00e1n<br \/>\nen los tres d\u00edas de la Expoferia del Comercio mil 200 pares de zapatos para<br \/>\ncaballero, damas y ni\u00f1os.<\/p>\n<p>Los artesanos le apuestan a que sus<br \/>\ndise\u00f1os originales sean aceptados en el p\u00fablico consumidor de la capital<br \/>\nyucateca y el resto del sureste de la rep\u00fablica mexicana, anot\u00f3.<\/p>\n<p>\u201cTraemos dise\u00f1os muy actualizados, eso<br \/>\nnos ha permitido colocarnos en el gusto de los consumidores de la capital<br \/>\nyucateca, y ahora con la Expoferia del Comercio abrimos mercado para el resto<br \/>\ndel sureste mexicano, por ello, es una gran escaparate para todos nuestros<br \/>\nparticipantes&#8221;, asevero.<\/p>\n<p>Los expositores de guayaberas y sector<br \/>\ntextilero en general son otro de los sectores que m\u00e1s visitan los asistentes a<br \/>\nla Expoferia del Comercio, en donde productores locales presentan sus<br \/>\ncreaciones de prendas para damas y caballeros.<\/p>\n<p>El gerente de ventas de Guayaberas<br \/>\nCreaciones Fer, Gerardo Arsabal, asever\u00f3 que alrededor de 200 prendas se<br \/>\nmover\u00e1n en estos primeros d\u00edas del evento, creaciones realizadas en lino y<br \/>\nbordados hechos a mano.<\/p>\n<p>La Expoferia del Comercio, dijo, es un<br \/>\ngran nicho de oportunidades para la colocaci\u00f3n de productos locales, &#8220;es<br \/>\nuna magn\u00edfica oportunidad para mostrar y comercializar lo que estamos<br \/>\nproduciendo y dise\u00f1ando desde la capital yucateca para el resto de la regi\u00f3n y<br \/>\ndel pa\u00eds&#8221;.<\/p><\/p>\n","protected":false},"excerpt":{"rendered":"<p>Consideran que el evento es una importante ventana de oportunidades para colocar sus productos.<\/p>\n","protected":false},"author":1018,"featured_media":0,"comment_status":"open","ping_status":"open","sticky":false,"template":"","format":"standard","meta":{"tdm_status":"","tdm_grid_status":"","footnotes":""},"categories":[21],"tags":[],"_links":{"self":[{"href":"https:\/\/dralvarez.com.mx\/larevista\/wp-json\/wp\/v2\/posts\/59029"}],"collection":[{"href":"https:\/\/dralvarez.com.mx\/larevista\/wp-json\/wp\/v2\/posts"}],"about":[{"href":"https:\/\/dralvarez.com.mx\/larevista\/wp-json\/wp\/v2\/types\/post"}],"author":[{"embeddable":true,"href":"https:\/\/dralvarez.com.mx\/larevista\/wp-json\/wp\/v2\/users\/1018"}],"replies":[{"embeddable":true,"href":"https:\/\/dralvarez.com.mx\/larevista\/wp-json\/wp\/v2\/comments?post=59029"}],"version-history":[{"count":0,"href":"https:\/\/dralvarez.com.mx\/larevista\/wp-json\/wp\/v2\/posts\/59029\/revisions"}],"wp:attachment":[{"href":"https:\/\/dralvarez.com.mx\/larevista\/wp-json\/wp\/v2\/media?parent=59029"}],"wp:term":[{"taxonomy":"category","embeddable":true,"href":"https:\/\/dralvarez.com.mx\/larevista\/wp-json\/wp\/v2\/categories?post=59029"},{"taxonomy":"post_tag","embeddable":true,"href":"https:\/\/dralvarez.com.mx\/larevista\/wp-json\/wp\/v2\/tags?post=59029"}],"curies":[{"name":"wp","href":"https:\/\/api.w.org\/{rel}","templated":true}]}}