{"id":59028,"date":"2017-10-13T00:00:00","date_gmt":"2017-10-13T06:00:00","guid":{"rendered":"https:\/\/dralvarez.com.mx\/larevista\/blog\/abre-oficialmente-sus-puertas-la-expoferia-del-comercio-de-canaco-merida-18637"},"modified":"2017-10-13T00:00:00","modified_gmt":"2017-10-13T06:00:00","slug":"abre-oficialmente-sus-puertas-la-expoferia-del-comercio-de-canaco-merida-18637","status":"publish","type":"post","link":"https:\/\/dralvarez.com.mx\/larevista\/yucatan\/abre-oficialmente-sus-puertas-la-expoferia-del-comercio-de-canaco-merida-18637","title":{"rendered":"Abre oficialmente sus puertas la Expoferia del Comercio de CANACO M\u00e9rida"},"content":{"rendered":"<\/p>\n<p><b>M\u00e9rida, Yucat\u00e1n, a 13 de octubre de<br \/>\n2017.-<\/b>&nbsp;Consolidada<br \/>\ncomo la muestra comercial m\u00e1s importante del sur sureste del pa\u00eds, abri\u00f3 sus<br \/>\npuertas la 19 edici\u00f3n de la Expoferia del Comercio que organiza la C\u00e1mara<br \/>\nNacional de Comercio, Servicios y Turismo (CANACO SERVYTUR) de M\u00e9rida, que<br \/>\nofrecer\u00e1 durante los pr\u00f3ximos tres d\u00edas ofertas, promociones, innovaciones y<br \/>\nshows familiares a los m\u00e1s de 300 mil visitantes que se espera recibir en el centro<br \/>\nde convenciones, Yucat\u00e1n, Siglo XX.<\/p>\n<p>En presencia del gobernador del<br \/>\nestado, Rolando Zapata Bello, del alcalde de M\u00e9rida, Mauricio Vila Dosal, y del<br \/>\nsecretario general de la Confederaci\u00f3n Nacional de C\u00e1maras Nacionales de<br \/>\nComercio (CONCANACO), Jos\u00e9 Manuel L\u00f3pez Campos, el presidente de la CANACO<br \/>\nM\u00e9rida, Juan Jos\u00e9 Abraham Daguer, destac\u00f3 que el comercio en Yucat\u00e1n es una<br \/>\nactividad tradicional, que forma parte importante de la historia del desarrollo<br \/>\ndel estado, que ha impulsado en la localidad el crecimiento empresarial,<br \/>\nmarcando la din\u00e1mica del movimiento econ\u00f3mico en la entidad por muchas d\u00e9cadas.<\/p>\n<p>En esta expo, resalt\u00f3, los visitantes<br \/>\nencontrar\u00e1n, hasta el pr\u00f3ximo domingo 15 de octubre, 463 stands con una gran<br \/>\nvariedad de productos, servicios y art\u00edculos a precios de promoci\u00f3n, que solo<br \/>\nofrecer\u00e1n las marcas participantes durante la Expoferia del Comercio 2017.<\/p>\n<p>Este evento que organiza y promueve la<br \/>\nCANACO M\u00e9rida es el m\u00e1s esperado del a\u00f1o por compradores que llegan de varios<br \/>\nmunicipios de Yucat\u00e1n, as\u00ed como de otros estados de la regi\u00f3n, incluso del pa\u00eds<br \/>\nde Belice.<\/p>\n<p>Abraham Daguer afirm\u00f3 que la Expoferia<br \/>\ndel Comercio cada a\u00f1o crece en n\u00famero de participantes, y en esta edici\u00f3n no<br \/>\nfue la excepci\u00f3n, pues tuvo un crecimiento del 10 por ciento, respecto al 2016,<br \/>\nlo que indica que el evento se ha consolidado como la exposici\u00f3n comercial m\u00e1s<br \/>\nimportante y de arraigo en el estado y la regi\u00f3n.<\/p>\n<p>El presidente de CANACO M\u00e9rida agreg\u00f3<br \/>\nque la Expoferia del Comercio naci\u00f3 en el a\u00f1o de 1999 como una necesidad de<br \/>\nmostrar al p\u00fablico los productos y servicios que ofrecen las empresas m\u00e1s<br \/>\nrepresentativas de la entidad, a\u00f1o desde el cual se ha venido mejorando y<br \/>\nlogrando atraer m\u00e1s participantes y visitantes.<\/p>\n<p>En la ceremonia de inauguraci\u00f3n<br \/>\nestuvieron presentes el secretario de Fomento Econ\u00f3mico del gobierno del<br \/>\nestado, Ernesto Herrera Novelo, el delegado de la Secretar\u00eda de Econom\u00eda<br \/>\nfederal, Adolfo Peniche P\u00e9rez, el presidente del Comit\u00e9 Organizador de la<br \/>\nExpoferia del Comercio, Iv\u00e1n Rodr\u00edguez Gasque, as\u00ed como autoridades militares,<br \/>\nfederales, estatales y municipales.<\/p><\/p>\n","protected":false},"excerpt":{"rendered":"<p>Los compradores encontrar\u00e1n ofertas y promociones durante tres d\u00edas.<\/p>\n","protected":false},"author":1018,"featured_media":0,"comment_status":"open","ping_status":"open","sticky":false,"template":"","format":"standard","meta":{"tdm_status":"","tdm_grid_status":"","footnotes":""},"categories":[21],"tags":[],"_links":{"self":[{"href":"https:\/\/dralvarez.com.mx\/larevista\/wp-json\/wp\/v2\/posts\/59028"}],"collection":[{"href":"https:\/\/dralvarez.com.mx\/larevista\/wp-json\/wp\/v2\/posts"}],"about":[{"href":"https:\/\/dralvarez.com.mx\/larevista\/wp-json\/wp\/v2\/types\/post"}],"author":[{"embeddable":true,"href":"https:\/\/dralvarez.com.mx\/larevista\/wp-json\/wp\/v2\/users\/1018"}],"replies":[{"embeddable":true,"href":"https:\/\/dralvarez.com.mx\/larevista\/wp-json\/wp\/v2\/comments?post=59028"}],"version-history":[{"count":0,"href":"https:\/\/dralvarez.com.mx\/larevista\/wp-json\/wp\/v2\/posts\/59028\/revisions"}],"wp:attachment":[{"href":"https:\/\/dralvarez.com.mx\/larevista\/wp-json\/wp\/v2\/media?parent=59028"}],"wp:term":[{"taxonomy":"category","embeddable":true,"href":"https:\/\/dralvarez.com.mx\/larevista\/wp-json\/wp\/v2\/categories?post=59028"},{"taxonomy":"post_tag","embeddable":true,"href":"https:\/\/dralvarez.com.mx\/larevista\/wp-json\/wp\/v2\/tags?post=59028"}],"curies":[{"name":"wp","href":"https:\/\/api.w.org\/{rel}","templated":true}]}}