{"id":59027,"date":"2017-10-13T00:00:00","date_gmt":"2017-10-13T06:00:00","guid":{"rendered":"https:\/\/dralvarez.com.mx\/larevista\/blog\/la-sedena-inicia-reforestacion-en-acanceh-18636"},"modified":"2017-10-13T00:00:00","modified_gmt":"2017-10-13T06:00:00","slug":"la-sedena-inicia-reforestacion-en-acanceh-18636","status":"publish","type":"post","link":"https:\/\/dralvarez.com.mx\/larevista\/yucatan\/la-sedena-inicia-reforestacion-en-acanceh-18636","title":{"rendered":"La SEDENA inicia reforestaci\u00f3n en Acanceh"},"content":{"rendered":"<p>Acanceh, Yucat\u00e1n, a 13 de octubre del 2017.- La Secretar\u00eda de la Defensa Nacional (SEDENA) a trav\u00e9s de la Comandancia de la 32\/a. Zona Militar, da a conocer a la opini\u00f3n p\u00fablica que el d\u00eda de hoy dio inicio a las actividades de reforestaci\u00f3n en el municipio de Acanceh, Yuc., con motivo del Programa Nacional de Reforestaci\u00f3n \u201cPRONAFOR 2017\u201d, dichas actividades se realizan en coordinaci\u00f3n con el Sindicato Nacional de Trabajadores de la Educaci\u00f3n (SNTE).<\/p>\n<p>Lo anterior, con la finalidad de colaborar en la conservaci\u00f3n del medio ambiente y de los recursos naturales en M\u00e9xico, as\u00ed como en el marco estrat\u00e9gico de corresponsabilidad social dentro del programa \u201cReforestaci\u00f3n de \u00e1reas escolares\u201d.<\/p>\n<p>El personal del 11\/o. Batall\u00f3n de Infanter\u00eda, adscrito a la 32\/a. Zona Militar, dio inicio a las actividades concernientes a la reforestaci\u00f3n en los espacios escolares y p\u00fablicos en el estado de Yucat\u00e1n.<\/p>\n<p>Los \u00e1rboles que se siembran son propios de la regi\u00f3n con el prop\u00f3sito de favorecer su desarrollo, aumentando de esta forma la riqueza forestal de nuestro estado, fungiendo al mismo tiempo como f\u00e1bricas de ox\u00edgeno, en beneficio de la poblaci\u00f3n estudiantil.<\/p>\n<p>Con estas acciones el Ej\u00e9rcito y Fuerza A\u00e9rea Mexicanos ratifican su compromiso con la sociedad al realizar acciones c\u00edvicas y obras sociales que tienden al progreso del pa\u00eds, as\u00ed para contribuir al cumplimiento de objetivo sectorial del Gobierno Federal de procurar un \u201cM\u00e9xico Incluyente\u201d.<\/p>\n","protected":false},"excerpt":{"rendered":"<p>Con la finalidad de colaborar en la conservaci\u00f3n del medio ambiente y de los recursos naturales en M\u00e9xico.<\/p>\n","protected":false},"author":1018,"featured_media":0,"comment_status":"open","ping_status":"open","sticky":false,"template":"","format":"standard","meta":{"tdm_status":"","tdm_grid_status":"","footnotes":""},"categories":[21],"tags":[],"_links":{"self":[{"href":"https:\/\/dralvarez.com.mx\/larevista\/wp-json\/wp\/v2\/posts\/59027"}],"collection":[{"href":"https:\/\/dralvarez.com.mx\/larevista\/wp-json\/wp\/v2\/posts"}],"about":[{"href":"https:\/\/dralvarez.com.mx\/larevista\/wp-json\/wp\/v2\/types\/post"}],"author":[{"embeddable":true,"href":"https:\/\/dralvarez.com.mx\/larevista\/wp-json\/wp\/v2\/users\/1018"}],"replies":[{"embeddable":true,"href":"https:\/\/dralvarez.com.mx\/larevista\/wp-json\/wp\/v2\/comments?post=59027"}],"version-history":[{"count":0,"href":"https:\/\/dralvarez.com.mx\/larevista\/wp-json\/wp\/v2\/posts\/59027\/revisions"}],"wp:attachment":[{"href":"https:\/\/dralvarez.com.mx\/larevista\/wp-json\/wp\/v2\/media?parent=59027"}],"wp:term":[{"taxonomy":"category","embeddable":true,"href":"https:\/\/dralvarez.com.mx\/larevista\/wp-json\/wp\/v2\/categories?post=59027"},{"taxonomy":"post_tag","embeddable":true,"href":"https:\/\/dralvarez.com.mx\/larevista\/wp-json\/wp\/v2\/tags?post=59027"}],"curies":[{"name":"wp","href":"https:\/\/api.w.org\/{rel}","templated":true}]}}