{"id":59026,"date":"2017-10-13T00:00:00","date_gmt":"2017-10-13T06:00:00","guid":{"rendered":"https:\/\/dralvarez.com.mx\/larevista\/blog\/expo-feria-del-comercio-referente-de-negocios-en-el-sureste-del-pais-18635"},"modified":"2017-10-13T00:00:00","modified_gmt":"2017-10-13T06:00:00","slug":"expo-feria-del-comercio-referente-de-negocios-en-el-sureste-del-pais-18635","status":"publish","type":"post","link":"https:\/\/dralvarez.com.mx\/larevista\/yucatan\/expo-feria-del-comercio-referente-de-negocios-en-el-sureste-del-pais-18635","title":{"rendered":"Expo Feria del Comercio, referente de negocios en el sureste del pa\u00eds"},"content":{"rendered":"<\/p>\n<p>M\u00e9rida, Yucat\u00e1n, 13 de octubre de 2017.- Con una amplia gama de art\u00edculos tecnol\u00f3gicos, sustentables y artesanales, adem\u00e1s de servicios y espect\u00e1culos para toda la familia, abri\u00f3 sus puertas la Expo Feria del Comercio 2017, que en su edici\u00f3n 19 reunir\u00e1 durante los pr\u00f3ximos tres d\u00edas a casi 430 empresas y a m\u00e1s de 300 mil visitantes.<u><\/u><u><\/u><\/p>\n<p>En acto celebrado en el Centro de Convenciones Yucat\u00e1n Siglo XXI, el Gobernador Rolando Zapata Bello y el presidente de la C\u00e1mara Nacional de Comercio, Servicios y Turismo (Canaco-Servytur) de M\u00e9rida, Juan Jos\u00e9 Abraham Daguer, inauguraron la muestra, considerada como uno de los eventos del ramo m\u00e1s representativos de la regi\u00f3n sur sureste del pa\u00eds. <u><\/u><u><\/u><\/p>\n<p>Durante la ceremonia, el titular del Poder Ejecutivo destac\u00f3 que la actividad terciaria tiene un peso de m\u00e1s de 65 por ciento de toda la econom\u00eda del estado, lo que significa un reflejo del avance que ha tenido nuestro territorio en la materia, durante los \u00faltimos a\u00f1os.<u><\/u><u><\/u><\/p>\n<p>\u201cY las buenas noticias para todo Yucat\u00e1n es que este sector ha tenido un desenvolvimiento muy notable durante todo este a\u00f1o y eso, repito, son muy buenas noticias. Son muy buenas noticias porque esa misma proporci\u00f3n, del 65 por ciento del Producto Interno Bruto y de la econom\u00eda de nuestro estado es pr\u00e1cticamente la misma proporci\u00f3n en cuanto al n\u00famero de empleos formales que existen en la entidad\u201d, subray\u00f3.<u><\/u><u><\/u><\/p>\n<p>En su turno, el presidente de la Canaco-Sevytur de M\u00e9rida resalt\u00f3 que esta Feria se ha convertido en un referente porque tambi\u00e9n sirve de marco para establecer nuevas relaciones comerciales, presentar novedosos productos y abrir mercados para los inversionistas de la zona. &nbsp;<u><\/u><u><\/u><\/p>\n<p>Ante el presidente del Consejo Coordinador Empresarial, Carlos Campos Achach, Abraham Daguer resalt\u00f3 que en esta ocasi\u00f3n cuenta con la participaci\u00f3n de 427 expositores de los cuales 348 son compa\u00f1\u00edas establecidas, 42 emprendedores y 37 dependencias gubernamentales y asociaciones civiles. <u><\/u><u><\/u><\/p>\n<p>Para esta edici\u00f3n, la Expo Feria del Comercio tiene una actividad denominada la Loter\u00eda, la cual permite a los clientes participar en diversas rifas que organizan los patrocinadores.<u><\/u><u><\/u><\/p>\n<p>Moda para ni\u00f1as y ni\u00f1os, mujeres y hombres, adem\u00e1s de un amplio abanico en calzado, accesorios, artesan\u00edas, autom\u00f3viles, telefon\u00eda, computadoras, electrodom\u00e9sticos, muebles y art\u00edculos de oficina, adem\u00e1s de promociones de agencias de viajes y clases de cocina, entre otros, encontrar\u00e1n los visitantes a la muestra, que concluye el domingo 15 de este mes.<u><\/u><u><\/u><\/p>\n<p>La feria, que est\u00e1 abierta de 10 de la ma\u00f1ana a 10 de la noche, tambi\u00e9n promueve la diversidad de productos y servicios que ofrecen los estados invitados de Veracruz, Oaxaca, Chiapas y Quintana Roo, as\u00ed como el pa\u00eds vecino Belice.<\/p>\n<p><b><i>Discurso del Gobernador Rolando Zapata Bello<\/i><\/b><\/p>\n<p><\/p>\n<\/p>\n<p>Muy buenos d\u00edas tengan todas y todos ustedes. Un gusto saludar al arquitecto Jos\u00e9 Manuel L\u00f3pez Campos, representante de la Concanaco-Servytur, y al ingeniero Enrique Solana Sent\u00edes; m\u00e1ndale un saludo, por favor, al presidente.<u><\/u><u><\/u><\/p>\n<p>Saludar a Juan Jos\u00e9 Abraham Daguer. Juan Jos\u00e9, sabemos de todo el entusiasmo, de toda la intensidad que experiencias de este tipo traen y pues nos sumamos a las palabras de Iv\u00e1n, a quien saludo, de igual manera y a todo su equipo, en la felicitaci\u00f3n por esa din\u00e1mica de trabajo, din\u00e1mica de esfuerzos, pero sobre todo de resultados que se dan desde uno de los sectores empresariales m\u00e1s representativos de nuestra entidad, como es la C\u00e1mara de Comercio.<u><\/u><u><\/u><\/p>\n<p>Perm\u00edtanme saludar a los representantes de nuestros Poderes p\u00fablicos. A la magistrada Adda C\u00e1mara Vallejo, representante del Tribunal Superior de Justicia; al presidente Municipal, Mauricio Vila Dosal, estimadas autoridades militares, navales, y nos sumamos, por supuesto, a ese gran reconocimiento de nuestras instituciones que, hoy m\u00e1s que nunca, significan la unidad del pueblo mexicano, la solidaridad y el enorme compromiso que todos los mexicanos tenemos con nuestra naci\u00f3n.<u><\/u><u><\/u><\/p>\n<p>A los funcionarios estatales, federales, municipales que se encuentran aqu\u00ed presentes. Estimado Carlos Campos Achach, presidente del Consejo Coordinador Empresarial; a los representantes de c\u00e1maras hermanas que se encuentran aqu\u00ed presentes, a los representantes de nuestro cuerpo consular los saludo con mucho respeto, a todas y todos ustedes, amigas y amigos, participantes de esta importante Feria del Comercio.<u><\/u><u><\/u><\/p>\n<p>Yo quisiera iniciar dici\u00e9ndoles la enorme satisfacci\u00f3n que me da el constatar c\u00f3mo, a lo largo de los diferentes a\u00f1os que me ha tocado venir en calidad de Gobernador a inaugurar esta Feria, pues ahora s\u00ed que \u00e9sta es la sexta ocasi\u00f3n que lo hago, constatar c\u00f3mo, cada a\u00f1o, ha ido creciendo, ha ido avanzando.<u><\/u><u><\/u><\/p>\n<p>Cada a\u00f1o se ha ido convirtiendo en un referente, en este caso, de la regi\u00f3n sur sureste, pero coment\u00e1bamos con Juan Jos\u00e9 pues de aqu\u00ed hasta Puebla es la m\u00e1s representativa, la m\u00e1s significativa en m\u00faltiples aspectos y eso nos da una gran satisfacci\u00f3n y un gran orgullo.<u><\/u><u><\/u><\/p>\n<p>Pero, a m\u00ed me toca tambi\u00e9n, como Gobernador del Estado, hacer una reflexi\u00f3n sobre lo que esto representa para nuestra entidad. Una expresi\u00f3n de este tipo para una sociedad como la nuestra, en la cual el sector comercio, turismo, servicios tiene un peso de m\u00e1s de 65 por ciento de toda nuestra econom\u00eda, de todo nuestro Producto Interno Bruto, significa un reflejo de c\u00f3mo est\u00e1n las cosas en nuestra entidad.<u><\/u><u><\/u><\/p>\n<p>Porque hay que decirlo de manera muy clara y subrayarlo tambi\u00e9n, si al sector comercio le va bien a nuestra econom\u00eda le va bien. Pero tambi\u00e9n si a nuestra econom\u00eda le va bien al sector comercio le va bien, y ese es un c\u00edrculo virtuoso que todos debemos de impulsar.<u><\/u><u><\/u><\/p>\n<p>No es casualidad que inversiones importantes que se est\u00e9n dando en nuestro estado en el sector secundario y que nos tengan hoy en el primer lugar en la industria manufacturera desde hace dos a\u00f1os, con crecimiento a doble d\u00edgito, en todo el sector secundario y que hoy Yucat\u00e1n sea referente en esa din\u00e1mica de crecimiento econ\u00f3mico, la cuarta econom\u00eda a nivel nacional en crecimiento en este a\u00f1o, s\u00f3lo puede ser soportada con una base estructural, econ\u00f3mica, con un sector din\u00e1mico como es este sector terciario, el de comercio, servicios, turismo.<u><\/u><u><\/u><\/p>\n<p>Y las buenas noticias para todo Yucat\u00e1n es que este sector ha tenido un desenvolvimiento muy notable durante todo este a\u00f1o y eso, repito, son muy buenas noticias. Son muy buenas noticias porque esa misma proporci\u00f3n, del 65 por ciento del Producto Interno Bruto y de la econom\u00eda de nuestro estado es pr\u00e1cticamente la misma proporci\u00f3n en cuanto al n\u00famero de empleos formales que existen en la entidad, esto es: esa misma proporci\u00f3n son las familias que todos los d\u00edas, con mucha dignidad, con mucho esfuerzo, trabajan y tienen un empleo formal, un empleo digno y les permiten llevar las condiciones de bienestar a su familia.<u><\/u><u><\/u><\/p>\n<p>Lo expres\u00e1bamos hace unos d\u00edas en la Expo Vivienda, \u2013saludo aqu\u00ed a su presidente Armando\u2013, lo expresamos hace un momento: el gran prop\u00f3sito o compromiso de toda autoridad, de todo gobierno es garantizar que se d\u00e9 un crecimiento econ\u00f3mico, pero que tambi\u00e9n exista una justa distribuci\u00f3n de la riqueza, garantizar ese equilibrio.<u><\/u><u><\/u><\/p>\n<p>Y hoy en Yucat\u00e1n podemos decir que se est\u00e1 dando y se est\u00e1 dando porque ese crecimiento econ\u00f3mico viene acompa\u00f1ado de generaci\u00f3n de empleos y esos empleos son, precisamente, los que garantizan que exista bienestar en todas las familias de Yucat\u00e1n.<u><\/u><u><\/u><\/p>\n<p>Por eso, mi reconocimiento a la C\u00e1mara de Comercio, mi reconocimiento por ser una c\u00e1mara que verdaderamente impulsa el desarrollo de nuestro estado, que tiene muy claro cu\u00e1les son sus prop\u00f3sitos como organizaci\u00f3n, pero tiene claro tambi\u00e9n los altos prop\u00f3sitos de Yucat\u00e1n, y siempre impulsando, siempre contribuyendo, siempre participando en los temas que son de inter\u00e9s para nuestro estado: seguridad, sin duda que es un gran tema que nos ata\u00f1e a todos; educaci\u00f3n. En fin, todos los temas que est\u00e1n vinculados al desarrollo de nuestro estado, ah\u00ed est\u00e1 presente la C\u00e1mara, como lo est\u00e1n tambi\u00e9n todos los representantes del sector empresarial.<u><\/u><u><\/u><\/p>\n<p>Y es algo que verdaderamente reconocemos y que hacemos votos porque as\u00ed contin\u00fae, con una din\u00e1mica donde cada quien haga la parte que le corresponde, las autoridades nos encarguemos de generar esas condiciones, ese entorno propicio para el crecimiento econ\u00f3mico, para la inversi\u00f3n, para la generaci\u00f3n de empleos y por supuesto, las empresas, los empresarios tengan la confianza, tengan la certeza de invertir, de crecer en sus negocios, de ampliar sus negocios, de generar nuevos negocios y fundamentalmente de generar empleo que lleve bienestar a las familias de todas y de todos los yucatecos.<u><\/u><u><\/u><\/p>\n<p>Le auguramos a esta Feria el mayor de los \u00e9xitos. Me dicen que desde anoche ya hab\u00eda gente, personas ac\u00e1, viniendo; estamos seguros que estos tres d\u00edas ser\u00e1n de much\u00edsima participaci\u00f3n, hacemos una invitaci\u00f3n a todas y todos los yucatecos que acudan, que vengan, que se beneficien con la gran oferta, los precios, los productos, todo lo que se ofrece.<u><\/u><u><\/u><\/p>\n<p>Y nos da mucha satisfacci\u00f3n, reitero, que seamos un referente, a trav\u00e9s de esta Feria, en toda la regi\u00f3n; la bienvenida a todos los visitantes de otras latitudes que, sin duda, cada vez en mayor n\u00famero acuden aqu\u00ed, a esta importante Feria.<u><\/u><u><\/u><\/p>\n<p>Y concluyo dici\u00e9ndoles una reflexi\u00f3n. Compart\u00edamos con Juan Jos\u00e9 el otro d\u00eda que bueno, pues ser\u00e1 la \u00faltima ocasi\u00f3n que me toque como Gobernador venir a inaugurar la Feria, verdad. Y compartir con ustedes una reflexi\u00f3n: precisamente la expresi\u00f3n que me acompa\u00f1\u00f3 en el camino a la gubernatura, a manera de planteamiento, pero tambi\u00e9n a manera convicci\u00f3n fue \u201corgullo y compromiso\u201d.<u><\/u><u><\/u><\/p>\n<p>Y ese orgullo, tomando el sentimiento de todos los yucatecos de que si algo sentimos nosotros por nuestra tierra es orgullo. Los yucatecos nos sentimos entra\u00f1ablemente orgullosos de ser yucatecos, de Yucat\u00e1n, de lo yucateco y cada logro de Yucat\u00e1n, independientemente del \u00e1mbito en el que se desarrolle, nos hace sentir muy orgullosos.<u><\/u><u><\/u><\/p>\n<p>Y por eso, precisamente, quiero reiterar y subrayar esta felicitaci\u00f3n, porque sin duda esta Feria de Comercio, esta Expo de la C\u00e1mara de Comercio, por ser un referente nacional, por la din\u00e1mica de crecimiento de que cada a\u00f1o es m\u00e1s grande, es m\u00e1s fuerte, es m\u00e1s consolidada, cada a\u00f1o es mejor, por todo lo que representa, sin duda, es un motivo m\u00e1s para sentirnos muy orgullosos de Yucat\u00e1n y de lo que somos capaces de hacer los yucatecos.<u><\/u><u><\/u><\/p>\n<p>Muchas felicidades. Enhorabuena a todos.<\/p><\/p>\n","protected":false},"excerpt":{"rendered":"<p>En la muestra participan Veracruz, Oaxaca, Chiapas, Quintana Roo y Belice.<\/p>\n","protected":false},"author":1018,"featured_media":0,"comment_status":"open","ping_status":"open","sticky":false,"template":"","format":"standard","meta":{"tdm_status":"","tdm_grid_status":"","footnotes":""},"categories":[21],"tags":[],"_links":{"self":[{"href":"https:\/\/dralvarez.com.mx\/larevista\/wp-json\/wp\/v2\/posts\/59026"}],"collection":[{"href":"https:\/\/dralvarez.com.mx\/larevista\/wp-json\/wp\/v2\/posts"}],"about":[{"href":"https:\/\/dralvarez.com.mx\/larevista\/wp-json\/wp\/v2\/types\/post"}],"author":[{"embeddable":true,"href":"https:\/\/dralvarez.com.mx\/larevista\/wp-json\/wp\/v2\/users\/1018"}],"replies":[{"embeddable":true,"href":"https:\/\/dralvarez.com.mx\/larevista\/wp-json\/wp\/v2\/comments?post=59026"}],"version-history":[{"count":0,"href":"https:\/\/dralvarez.com.mx\/larevista\/wp-json\/wp\/v2\/posts\/59026\/revisions"}],"wp:attachment":[{"href":"https:\/\/dralvarez.com.mx\/larevista\/wp-json\/wp\/v2\/media?parent=59026"}],"wp:term":[{"taxonomy":"category","embeddable":true,"href":"https:\/\/dralvarez.com.mx\/larevista\/wp-json\/wp\/v2\/categories?post=59026"},{"taxonomy":"post_tag","embeddable":true,"href":"https:\/\/dralvarez.com.mx\/larevista\/wp-json\/wp\/v2\/tags?post=59026"}],"curies":[{"name":"wp","href":"https:\/\/api.w.org\/{rel}","templated":true}]}}