{"id":59025,"date":"2017-10-13T00:00:00","date_gmt":"2017-10-13T06:00:00","guid":{"rendered":"https:\/\/dralvarez.com.mx\/larevista\/blog\/variacion-en-precio-de-combustibles-es-por-cotizacion-del-dolar-18634"},"modified":"2017-10-13T00:00:00","modified_gmt":"2017-10-13T06:00:00","slug":"variacion-en-precio-de-combustibles-es-por-cotizacion-del-dolar-18634","status":"publish","type":"post","link":"https:\/\/dralvarez.com.mx\/larevista\/yucatan\/variacion-en-precio-de-combustibles-es-por-cotizacion-del-dolar-18634","title":{"rendered":"Variaci\u00f3n en precio de combustibles es por cotizaci\u00f3n del d\u00f3lar"},"content":{"rendered":"<\/p>\n<p>M\u00e9rida, Yuicat\u00e1n, 13 de octubre de 2017 (ACOM).- El secretario general de la Confederaci\u00f3n Nacional de C\u00e1maras de Comercio (Concanaco), Jos\u00e9 Manuel L\u00f3pez Campos, afirm\u00f3 que el incremento que ha habido en el costo de las gasolinas en Yucat\u00e1n responde a variaciones en costos internacionales, aunque advirti\u00f3 quien el alza podr\u00eda ser mayor.<\/p>\n<p>Entrevistado sobre el tema, el empresario apunt\u00f3 que el precio de los combustibles es alto debido a que el precio del d\u00f3lar ha variado, tambi\u00e9n el costo del petr\u00f3leo, aunque refiri\u00f3 que el aumento deber\u00eda ser mayor, pero esto no fue as\u00ed debido la flexibilidad del Impuesto Especial sobre Producci\u00f3n y Servicios (IEPS)<\/p>\n<p>&#8220;Los costos son amortiguados por este impuesto. Todos los d\u00edas se est\u00e1 moviendo. Deber\u00eda buscarse un mecanismo de recaudaci\u00f3n m\u00e1s sencillo que permita la libre competencia en el tema energ\u00e9tico&#8221;, indic\u00f3.<\/p>\n<p>Dijo que esta amortiguaci\u00f3n genera que las gasolinas no puedan ser liberadas del todo, aunque consider\u00f3 que se puede orientar a una mejor recaudaci\u00f3n y se pueda podr\u00e1 tener un mercado m\u00e1s libre.<\/p>\n<p>Record\u00f3 que actualmente, son cinco variables que inciden en el precio de las gasolinas, sin embargo, mencion\u00f3 que El 50 por ciento del costo son impuestos, pues estos sirven para amortiguar los cambios bruscos en los costos.<\/p>\n<p>&#8220;Hasta ahora no hay condiciones para la liberaci\u00f3n de los precios ya que Pemex vende el 99 por ciento del combustible que se consume, incluso a las empresas que han llegado del extranjero&#8221;, indic\u00f3.<\/p>\n<p>Asimismo, mencion\u00f3 que el proceso de importaci\u00f3n de gasolina, no se ver\u00e1 en el primer semestre del 2018, aunque si las estaciones tendr\u00edan nombres propios.<\/p>\n<p>&#8220;Probablemente en el 2019, ya habr\u00eda combustibles extranjeros, aunque para eso tiene que concluir la liberaci\u00f3n que precios, que en el caso de Yucat\u00e1n ser\u00e1 hasta diciembre de este a\u00f1o&#8221;, extern\u00f3.<\/p><\/p>\n","protected":false},"excerpt":{"rendered":"<p>El secretario de la Concanaco asegura que no ha sido tan dr\u00e1stico como se esperaba.<\/p>\n","protected":false},"author":1018,"featured_media":0,"comment_status":"open","ping_status":"open","sticky":false,"template":"","format":"standard","meta":{"tdm_status":"","tdm_grid_status":"","footnotes":""},"categories":[21],"tags":[],"_links":{"self":[{"href":"https:\/\/dralvarez.com.mx\/larevista\/wp-json\/wp\/v2\/posts\/59025"}],"collection":[{"href":"https:\/\/dralvarez.com.mx\/larevista\/wp-json\/wp\/v2\/posts"}],"about":[{"href":"https:\/\/dralvarez.com.mx\/larevista\/wp-json\/wp\/v2\/types\/post"}],"author":[{"embeddable":true,"href":"https:\/\/dralvarez.com.mx\/larevista\/wp-json\/wp\/v2\/users\/1018"}],"replies":[{"embeddable":true,"href":"https:\/\/dralvarez.com.mx\/larevista\/wp-json\/wp\/v2\/comments?post=59025"}],"version-history":[{"count":0,"href":"https:\/\/dralvarez.com.mx\/larevista\/wp-json\/wp\/v2\/posts\/59025\/revisions"}],"wp:attachment":[{"href":"https:\/\/dralvarez.com.mx\/larevista\/wp-json\/wp\/v2\/media?parent=59025"}],"wp:term":[{"taxonomy":"category","embeddable":true,"href":"https:\/\/dralvarez.com.mx\/larevista\/wp-json\/wp\/v2\/categories?post=59025"},{"taxonomy":"post_tag","embeddable":true,"href":"https:\/\/dralvarez.com.mx\/larevista\/wp-json\/wp\/v2\/tags?post=59025"}],"curies":[{"name":"wp","href":"https:\/\/api.w.org\/{rel}","templated":true}]}}