{"id":59014,"date":"2017-10-13T00:00:00","date_gmt":"2017-10-13T06:00:00","guid":{"rendered":"https:\/\/dralvarez.com.mx\/larevista\/blog\/cierran-la-brecha-de-desigualdad-entre-norte-y-sur-con-un-centro-moderno-y-de-mejor-calidad-18622"},"modified":"2017-10-13T00:00:00","modified_gmt":"2017-10-13T06:00:00","slug":"cierran-la-brecha-de-desigualdad-entre-norte-y-sur-con-un-centro-moderno-y-de-mejor-calidad-18622","status":"publish","type":"post","link":"https:\/\/dralvarez.com.mx\/larevista\/yucatan\/cierran-la-brecha-de-desigualdad-entre-norte-y-sur-con-un-centro-moderno-y-de-mejor-calidad-18622","title":{"rendered":"Cierran la brecha de desigualdad entre Norte y Sur con un centro moderno y de mejor calidad"},"content":{"rendered":"<p>Las opciones de mejores oportunidades para el desarrollo personal y profesional  de los meridanos se incrementaron con el inicio de la construcci\u00f3n del tercer gran proyecto de M\u00e9rida Incluyente, el Centro Integral del Sur en el  fraccionamiento Brisas de San Jos\u00e9, acto encabezado por el alcalde Mauricio Vila Dosal .<\/p>\n<p>Cumpli\u00e9ndose un a\u00f1o y cinco meses de que un incendio consumiera siete viviendas y 33 casas de cart\u00f3n de la zona, dejando a varias familias sin hogar y que gracias a la intervenci\u00f3n del Ayuntamiento de M\u00e9rida  ahora viven en sus nuevos hogares, hoy dio un paso m\u00e1s en su inclusi\u00f3n a la sociedad con el comienzo de la construcci\u00f3n del nuevo espacio.<\/p>\n<p>Ubicado en la calle 56 por 155 y 155 A del fraccionamiento Brisas de San Jos\u00e9, el Centro Integral del Sur es una acci\u00f3n m\u00e1s  del Ayuntamiento de M\u00e9rida en su lucha por romper la brecha de desigualdad en la capital yucateca, detonando la inclusi\u00f3n y el desarrollo del sur de la ciudad y logrando que las vidas de todos los meridanos, sin distinci\u00f3n, mejoren su calidad de vida.<\/p>\n<p>Minerva Toledo Gim\u00e9nez, vecina beneficiaria, invit\u00f3 a los vecinos a utilizar, integrarse y cuidar el espacio, porque su objetivo es influir positivamente en las familias del fraccionamiento.<\/p>\n<p>-Ac\u00e9rquense con toda confianza, porque es para todos sin distinci\u00f3n alguna. Esta tambi\u00e9n ser\u00e1 su casa- agreg\u00f3 Minerva, quien es originaria de Chiapas y reside en M\u00e9rida desde hace ocho a\u00f1os.<\/p>\n<p>-Este espacio era un terreno bald\u00edo, por el que antes nos daba miedo pasar. Ahora ser\u00e1 un lugar sano y seguro para el desarrollo emocional de los ni\u00f1os. Realmente estoy sorprendida de las oportunidades que nos brindan en esta ciudad para tener una vida mejor- dijo.<\/p>\n<p>El Centro Integral del Sur, en el que se invirtieron $15 millones y beneficiar\u00e1 a 35,000 ciudadanos, contar\u00e1 con gimnasio p\u00fablico con m\u00e1quinas para cardio y pesas, \u00e1rea de usos m\u00faltiples, lockers, oficina, un consultorio de nutrici\u00f3n, ba\u00f1os,  juegos infantiles con velar\u00eda, bancas, \u00e1reas verdes y estacionamiento.<\/p>\n<p>Adem\u00e1s, dispondr\u00e1 de  un \u00e1rea de capacitaci\u00f3n tecnol\u00f3gica dirigida a los habitantes de la zona, especialmente ni\u00f1os y j\u00f3venes, para que cursen talleres de computaci\u00f3n y mejoren su rendimiento escolar y pueden optar a empleos mejor remunerados. La conclusi\u00f3n del Centro Integral del Sur est\u00e1 prevista para fines de 2017.<\/p>\n<p> Otra de las obras del programa M\u00e9rida Incluyente es el Circuito Sur, que ir\u00e1 desde el Centro de Readaptaci\u00f3n Social (Cereso), pasando por la barda trasera del aeropuerto hasta la avenida Aviaci\u00f3n, con lo que miles de meridanos mejorar\u00e1n su calidad de vida al ahorrar tiempo y dinero al trasladarse a sus trabajos sin necesidad de atravesar el Centro Hist\u00f3rico.  Tambi\u00e9n contar\u00e1 con escarpas seguras y una ciclopista. El 10 de julio el presidente municipal dio el banderazo de inicio de las obras, que estar\u00e1n concluidas al finalizar el a\u00f1o.<\/p>\n<p>Tambi\u00e9n como parte de este proyecto hist\u00f3rico para romper la brecha de desigualdad entre norte y sur,  el alcalde Mauricio Vila anunci\u00f3 la construcci\u00f3n del Centro Cultural del Sur en la calle 165 entre 84-A y 84-B de la Emiliano Zapata Sur III,  que en agosto ya reportaban un avance de m\u00e1s del 40% para estar listo antes de que concluya 2017.<\/p>\n<p>El alcalde destac\u00f3 que la ubicaci\u00f3n de este espacio permitir\u00e1 a los meridanos habitantes de las zonas cercanas el acceso a clases de ballet, m\u00fasica, danza, m\u00fasica, fotograf\u00eda y artes pl\u00e1sticas, oportunidades de superaci\u00f3n que no estaban  su alcance.<\/p>\n<p>Vila Dosal record\u00f3 que en los proyectos de M\u00e9rida se realiza una inversi\u00f3n hist\u00f3rica como nunca antes se hab\u00eda hecho, invirtiendo mil millones de pesos para elevar la calidad de vida y abatir la brecha entre el norte y el surde la ciudad.<\/p>\n<p> A\u00f1adi\u00f3 que  en esta propuesta se encuentra el Plan Municipal de Vivienda con el fin de brindar a familias de colonias y comisar\u00edas la oportunidad de contar con viviendas dignas que mejoren sus condiciones y calidad de vida.<\/p>\n","protected":false},"excerpt":{"rendered":"<p>Especial \/ La Revista<\/p>\n","protected":false},"author":1018,"featured_media":0,"comment_status":"open","ping_status":"open","sticky":false,"template":"","format":"standard","meta":{"tdm_status":"","tdm_grid_status":"","footnotes":""},"categories":[21],"tags":[],"_links":{"self":[{"href":"https:\/\/dralvarez.com.mx\/larevista\/wp-json\/wp\/v2\/posts\/59014"}],"collection":[{"href":"https:\/\/dralvarez.com.mx\/larevista\/wp-json\/wp\/v2\/posts"}],"about":[{"href":"https:\/\/dralvarez.com.mx\/larevista\/wp-json\/wp\/v2\/types\/post"}],"author":[{"embeddable":true,"href":"https:\/\/dralvarez.com.mx\/larevista\/wp-json\/wp\/v2\/users\/1018"}],"replies":[{"embeddable":true,"href":"https:\/\/dralvarez.com.mx\/larevista\/wp-json\/wp\/v2\/comments?post=59014"}],"version-history":[{"count":0,"href":"https:\/\/dralvarez.com.mx\/larevista\/wp-json\/wp\/v2\/posts\/59014\/revisions"}],"wp:attachment":[{"href":"https:\/\/dralvarez.com.mx\/larevista\/wp-json\/wp\/v2\/media?parent=59014"}],"wp:term":[{"taxonomy":"category","embeddable":true,"href":"https:\/\/dralvarez.com.mx\/larevista\/wp-json\/wp\/v2\/categories?post=59014"},{"taxonomy":"post_tag","embeddable":true,"href":"https:\/\/dralvarez.com.mx\/larevista\/wp-json\/wp\/v2\/tags?post=59014"}],"curies":[{"name":"wp","href":"https:\/\/api.w.org\/{rel}","templated":true}]}}