{"id":59006,"date":"2017-10-13T00:00:00","date_gmt":"2017-10-13T06:00:00","guid":{"rendered":"https:\/\/dralvarez.com.mx\/larevista\/blog\/aprueba-prd-politica-de-alianzas-la-alianza-con-el-pan-sera-en-caso-excepcional-cuevas-18614"},"modified":"2017-10-13T00:00:00","modified_gmt":"2017-10-13T06:00:00","slug":"aprueba-prd-politica-de-alianzas-la-alianza-con-el-pan-sera-en-caso-excepcional-cuevas-18614","status":"publish","type":"post","link":"https:\/\/dralvarez.com.mx\/larevista\/yucatan\/aprueba-prd-politica-de-alianzas-la-alianza-con-el-pan-sera-en-caso-excepcional-cuevas-18614","title":{"rendered":"Aprueba PRD pol\u00edtica de alianzas, la alianza con el PAN ser\u00e1 en caso excepcional: Cuevas"},"content":{"rendered":"<p>Especial \/ La Revista <\/p>\n<p>El presidente del Partido de la Revoluci\u00f3n Democr\u00e1tica (PRD) en Yucat\u00e1n, Alejandro Cuevas Mena, precis\u00f3, que en el caso de la pol\u00edtica de alianzas, el Pleno Extraordinario del VI Consejo Estatal abri\u00f3 la puerta para formar el Frente Ciudadano en Yucat\u00e1n, pero en caso excepcional, aunque la prioridad ser\u00e1 la alianza con las fuerza de izquierda progresistas.<\/p>\n<p>El Pleno del Consejo Estatal sesion\u00f3 el mi\u00e9rcoles pasado y aprob\u00f3 un documento semejante al que aprob\u00f3 el Consejo Nacional, el pasado 3 de diciembre, en el que hay v\u00eda libre para la uni\u00f3n electoral del PAN-PRD y Movimiento Cuidadano.<br \/>\u2014Como presidente estatal lo he dicho antes, en cualquier medio, que mi coraz\u00f3n late a la izquierda y soy perredista leal, pero tampoco soy ciego y si Andr\u00e9s Manuel L\u00f3pez Obrador no se quiere aliar con el PRD pues vamos a buscar la alianza preferentemente con los partidos de izquierda, pero tambi\u00e9n podr\u00e1n hacerse excepcionalmente con partidos que no son de izquierda y para cargos espec\u00edficos, como es el PAN\u2014indic\u00f3 Cuevas Mena.<br \/>Insisti\u00f3 que no se aprueba la alianza con el PAN de facto, pero tampoco se cerr\u00f3 la posibilidad del acuerdo, que ya se ha logrado por las dirigencias nacionales.<br \/>Para el caso de Yucat\u00e1n, dijo, que ya se reuni\u00f3 con los l\u00edderes de todos los partidos pol\u00edticos, menos con el PRI, incluso con posibles candidatos como son los panistas Ren\u00e1n Barrera Concha y el alcalde de M\u00e9rida, Mauricio Vila Dosal.<br \/>&#8211;A Vila le dije que me siento inc\u00f3modo hablando con \u00e9l, porque su gente se meti\u00f3 en la elecci\u00f3n interna del PRD, ellos afiliaron panistas para inflar a la disidencia\u2014afirm\u00f3.<br \/>En ese sentido, insisti\u00f3 que el PRD va gustoso al Frente Ciudadano con un candidato a gobernador que venga de la sociedad civil, pero acept\u00f3 las reuniones con los presidentes estatales de los diferentes partidos y con los dos candidatos punteros: Ren\u00e1n Barrera y Mauricio Vila.<br \/>El PRD aprob\u00f3, adem\u00e1s, que su m\u00e9todo para elegir a los candidatos ser\u00e1 a trav\u00e9s de una elecci\u00f3n directa del Consejo Estatal, para que todos puedan participar en las negociaciones, dejando fueron los acuerdos previos, en caso que los hubiesen, de los consejos municipales.<br \/>Tambi\u00e9n los tiempos y plazos de la elecci\u00f3n interna, que comenzar\u00e1 el 11 de noviembre y la convocatoria tiene que ser aprobada entre el 15 de octubre y 8 de noviembre y publicada en los medios impresos el 10 de noviembre.<br \/>&#8211;Nuestros candidatos y candidatas a elecci\u00f3n popular ser\u00e1n dados a conocer el 14 de febrero del 2018\u2014afirm\u00f3.<br \/>A continuaci\u00f3n un resumen de lo aprobado por unanimidad el pasado mi\u00e9rcoles por el Consejo Estatal perredista:<br \/>El Partido de la Revoluci\u00f3n Democr\u00e1tica aprob\u00f3 por unanimidad impulsar en Yucat\u00e1n al Frente Amplio Democr\u00e1tico y a propuesta del Comit\u00e9 Ejecutivo resolvi\u00f3:<br \/>1.- Se determin\u00f3 la fecha de inicio del proceso interno y el procedimiento aplicable para la selecci\u00f3n de candidatas y candidatos a cargos de elecci\u00f3n popular (m\u00e9todo electivo) en el marco del proceso electoral local 2017-2018 que se desarrolla en el estado de Yucat\u00e1n. En este punto, se determin\u00f3 y estableci\u00f3 el 11 de noviembre de 2017; as\u00ed mismo, se acord\u00f3 que la elecci\u00f3n de las candidaturas para este proceso electoral local del 2017-2018, ser\u00e1 en Votaci\u00f3n en Consejo Electivo, mediante la votaci\u00f3n de las Consejeras y Consejeros integrantes del VI Consejo Estatal de Partido de la Revoluci\u00f3n Democr\u00e1tica en el Estado de Yucat\u00e1n.<br \/>2. Se determin\u00f3 los plazos que comprender\u00e1 cada fase del proceso interno para la selecci\u00f3n de candidatas y candidatos a cargo de elecci\u00f3n popular en el maro de proceso electoral 2017-2018 que se desarrollar\u00e1 en el estado de Yucat\u00e1n, lo cual relatamos l\u00edneas arriba.<br \/>3. Se aprob\u00f3 la pol\u00edtica de alianzas del Partido de la Revoluci\u00f3n Democr\u00e1tica, aplicable en el proceso electoral local 2017-2018 que se desarrolla en el estado de Yucat\u00e1n, para lo cual se resolvi\u00f3:<br \/>a) Que el Partido de la Revoluci\u00f3n Democr\u00e1tica deber\u00e1 vincularse a la sociedad, a las organizaciones de j\u00f3venes, estudiantes, mujeres, trabajadores del campo y de la ciudad, a las organizaciones que promueven causas como la diversidad sexual, la libertad de expresi\u00f3n, el acceso a la justicia, a la educaci\u00f3n, a la salud, a la seguridad social, asumiendo que el aliado fundamental de nuestro Instituto Pol\u00edtico es la sociedad y sus causas m\u00e1s sentidas.<br \/>b) Que en la construcci\u00f3n de alianzas electorales el Partido de la Revoluci\u00f3n Democr\u00e1tica, podr\u00e1 en determinadas condiciones y para prop\u00f3sitos pol\u00edticos espec\u00edficos, considerar, excepcionalmente, alianzas electorales m\u00e1s all\u00e1 de la izquierda y las fuerzas progresistas, pero en ning\u00fan caso con el Partido Revolucionario Institucional;<br \/>c) Que las alianzas electorales que realice nuestro Partido en el Estado de Yucat\u00e1n,  s\u00f3lo podr\u00e1n establecerse, a partir de que est\u00e9n sostenidas en agendas legislativas y programas de gobierno que prioricen el inter\u00e9s superior de nuestro Estado y de la gente; que tengan car\u00e1cter social, democr\u00e1tico y progresista; que sean de conocimiento p\u00fablico y que, invariablemente, sean avaladas por la direcci\u00f3n nacional del Partido; Que en las alianzas electorales se deber\u00e1 considerar, especialmente, el beneficio que puedan tener para la vida democr\u00e1tica del Estado, el avance en el bienestar de la poblaci\u00f3n, el impacto en los prop\u00f3sitos del crecimiento del Partido y de una s\u00f3lida alternativa de gobierno, y;<br \/>d) Que el Partido de la Revoluci\u00f3n Democr\u00e1tica impulsar\u00e1 en el Estado de Yucat\u00e1n la construcci\u00f3n del Frente Amplio Democr\u00e1tico (FAD), donde tengan cabida todas y todos los ciudadanos que se identifiquen con la lucha por las causas ciudadanas para revertir los abusos de autoridad, la alarmante corrupci\u00f3n, la impunidad y sobre todo la pobreza que padece la mayor\u00eda de la poblaci\u00f3n.<br \/>e) La implementaci\u00f3n de la Pol\u00edtica de Alianzas del Partido de la Revoluci\u00f3n Democr\u00e1tica aplicable en el Proceso Electoral Local 2017-2018 que se desarrolla en el Estado de Yucat\u00e1n, se realizar\u00e1 a trav\u00e9s de la figura de   candidatura com\u00fan prevista en la Ley de Partidos Pol\u00edticos del Estado de Yucat\u00e1n.<br \/>f) Se mandata al Comit\u00e9 Ejecutivo Estatal del Partido de la Revoluci\u00f3n Democr\u00e1tica en el Estado de Yucat\u00e1n a trav\u00e9s de su Presidente, para que desarrolle las acciones necesarias de vinculaci\u00f3n y di\u00e1logo para la construcci\u00f3n de acuerdos de alianzas electorales con los actores pol\u00edticos del Estado, reproduciendo en la entidad el esfuerzo unitario del Frente Amplio Democr\u00e1tico; para ello se faculta al Comit\u00e9 Ejecutivo Estatal para que elabore el Proyecto de Plataforma Electoral, la cual una vez aprobada por el VI Consejo Estatal de nuestro Instituto Pol\u00edtico, deber\u00e1 ser registrada en t\u00e9rminos de la legislaci\u00f3n electoral del Estado y  deber\u00e1 servir de base para la conformaci\u00f3n de un Programa de Gobierno y Agenda Legislativa de alianza.<\/p>\n","protected":false},"excerpt":{"rendered":"<p>El Pleno del Consejo Estatal sesion\u00f3 el mi\u00e9rcoles pasado y aprob\u00f3 un documento semejante al que aprob\u00f3 el Consejo Nacional<\/p>\n","protected":false},"author":1018,"featured_media":0,"comment_status":"open","ping_status":"open","sticky":false,"template":"","format":"standard","meta":{"tdm_status":"","tdm_grid_status":"","footnotes":""},"categories":[21],"tags":[],"_links":{"self":[{"href":"https:\/\/dralvarez.com.mx\/larevista\/wp-json\/wp\/v2\/posts\/59006"}],"collection":[{"href":"https:\/\/dralvarez.com.mx\/larevista\/wp-json\/wp\/v2\/posts"}],"about":[{"href":"https:\/\/dralvarez.com.mx\/larevista\/wp-json\/wp\/v2\/types\/post"}],"author":[{"embeddable":true,"href":"https:\/\/dralvarez.com.mx\/larevista\/wp-json\/wp\/v2\/users\/1018"}],"replies":[{"embeddable":true,"href":"https:\/\/dralvarez.com.mx\/larevista\/wp-json\/wp\/v2\/comments?post=59006"}],"version-history":[{"count":0,"href":"https:\/\/dralvarez.com.mx\/larevista\/wp-json\/wp\/v2\/posts\/59006\/revisions"}],"wp:attachment":[{"href":"https:\/\/dralvarez.com.mx\/larevista\/wp-json\/wp\/v2\/media?parent=59006"}],"wp:term":[{"taxonomy":"category","embeddable":true,"href":"https:\/\/dralvarez.com.mx\/larevista\/wp-json\/wp\/v2\/categories?post=59006"},{"taxonomy":"post_tag","embeddable":true,"href":"https:\/\/dralvarez.com.mx\/larevista\/wp-json\/wp\/v2\/tags?post=59006"}],"curies":[{"name":"wp","href":"https:\/\/api.w.org\/{rel}","templated":true}]}}