{"id":58998,"date":"2017-10-13T00:00:00","date_gmt":"2017-10-13T06:00:00","guid":{"rendered":"https:\/\/dralvarez.com.mx\/larevista\/blog\/es-nuestro-deber-mantener-a-yucatan-con-rumbo-18606"},"modified":"2017-10-13T00:00:00","modified_gmt":"2017-10-13T06:00:00","slug":"es-nuestro-deber-mantener-a-yucatan-con-rumbo-18606","status":"publish","type":"post","link":"https:\/\/dralvarez.com.mx\/larevista\/yucatan\/es-nuestro-deber-mantener-a-yucatan-con-rumbo-18606","title":{"rendered":"\u201cEs nuestro deber mantener a Yucat\u00e1n con rumbo\u201d"},"content":{"rendered":"<p>Especial \/ La Revista <\/p>\n<p>Liborio Vidal Aguilar se present\u00f3 en el auditorio Manuel Cepeda Peraza de la Universidad Aut\u00f3noma de Yucat\u00e1n con la ponencia: \u201cPensar en el rumbo de Yucat\u00e1n. Pol\u00edticas P\u00fablicas para el S. XXI\u201d.<\/p>\n<p>El Centro de Investigaciones Regionales \u201cDr. Hideyo Noguchi\u201d celebr\u00f3 su 42 aniversario con las Jornadas de Difusi\u00f3n 2017 que se enfocaron en \u201cMitos y Realidades. Pol\u00edticas P\u00fablicas y Bienestar Social\u201d y en la primera mesa panel coincidieron Vidal Aguilar, Rub\u00e9n C\u00e1mara Vallejo, de la Facultad de Medicina; Felipe Alonzo Sol\u00eds, de la Facultad de Econom\u00eda, ambos de la UADY, as\u00ed como Jes\u00fas Peraza Men\u00e9ndez, de Asambleas MID.<\/p>\n<p>La noche del pasado 9 de octubre se enfoc\u00f3 en el tema de \u201cPol\u00edticas P\u00fablicas y Bienestar Social\u201d, que permiti\u00f3 a los ponentes hablar sobre este punto en espec\u00edfico, as\u00ed como desde la perspectiva de la evaluaci\u00f3n, los grupos vulnerables y para el desarrollo.<\/p>\n<p>Este \u00faltimo tema fue abordado por Vidal Aguilar, quien present\u00f3 un panorama con base en seis ejes: seguridad, econom\u00eda e industria, desarrollo regional, turismo, honestidad y transparencia, as\u00ed como los empresarios yucatecos.<\/p>\n<p>El empresario y pol\u00edtico yucateco habl\u00f3 desde el punto de vista que le permite integrar al sector p\u00fablico y privado, comprender su relaci\u00f3n y poder establecer que uno de los primeros generadores de bienestar social es el empleo.<\/p>\n<p>Desde su punto de vista, es funci\u00f3n de los empresarios que haya fuentes de trabajo, mientras que el gobierno tiene la misi\u00f3n de generar las condiciones y brindar las facilidades que atraigan a un mayor n\u00famero de inversionistas o permitan el surgimiento de m\u00e1s empresarios yucatecos y de consolidar a quienes ya son parte de este sector.<\/p>\n<p>\u201cEl gobernador Rolando Zapata Bello ha generado las bases para el desarrollo de Yucat\u00e1n, y es nuestro deber mantener a Yucat\u00e1n con rumbo hacia el crecimiento y hacia el desarrollo de las familias que viven en nuestro Estado\u201d, manifest\u00f3.<\/p>\n<p>En su ponencia habl\u00f3 de c\u00f3mo las empresas yucatecas son un factor de desarrollo con base en la tradici\u00f3n empresarial, la visi\u00f3n de los yucatecos y el Estado como la capital empresarial del Sureste, por lo que es importante fortalecer el mercado interno.<\/p>\n<p>De acuerdo con Liborio Vidal los seis ejes que present\u00f3 contribuir\u00e1n con la distribuci\u00f3n m\u00e1s equitativa de la riqueza en el Estado y contribuir\u00e1n a reducir la brecha de desigualdad entre los yucatecos.<\/p>\n<p>\u201cQue hombres, mujeres, ni\u00f1os y adultos mayores de todo Yucat\u00e1n tengan igualdad de oportunidades sin importar si se encuentran en la comunidad m\u00e1s peque\u00f1a y alejada o viven en la capital del Estado, ese es el prop\u00f3sito de las pol\u00edticas p\u00fablicas\u201d, destac\u00f3.<\/p>\n<p><\/p>\n","protected":false},"excerpt":{"rendered":"<p>Liborio Vidal imparte conferencia sobre desarrollo y pol\u00edticas p\u00fablicas en la UADY<\/p>\n","protected":false},"author":1018,"featured_media":0,"comment_status":"open","ping_status":"open","sticky":false,"template":"","format":"standard","meta":{"tdm_status":"","tdm_grid_status":"","footnotes":""},"categories":[21],"tags":[],"_links":{"self":[{"href":"https:\/\/dralvarez.com.mx\/larevista\/wp-json\/wp\/v2\/posts\/58998"}],"collection":[{"href":"https:\/\/dralvarez.com.mx\/larevista\/wp-json\/wp\/v2\/posts"}],"about":[{"href":"https:\/\/dralvarez.com.mx\/larevista\/wp-json\/wp\/v2\/types\/post"}],"author":[{"embeddable":true,"href":"https:\/\/dralvarez.com.mx\/larevista\/wp-json\/wp\/v2\/users\/1018"}],"replies":[{"embeddable":true,"href":"https:\/\/dralvarez.com.mx\/larevista\/wp-json\/wp\/v2\/comments?post=58998"}],"version-history":[{"count":0,"href":"https:\/\/dralvarez.com.mx\/larevista\/wp-json\/wp\/v2\/posts\/58998\/revisions"}],"wp:attachment":[{"href":"https:\/\/dralvarez.com.mx\/larevista\/wp-json\/wp\/v2\/media?parent=58998"}],"wp:term":[{"taxonomy":"category","embeddable":true,"href":"https:\/\/dralvarez.com.mx\/larevista\/wp-json\/wp\/v2\/categories?post=58998"},{"taxonomy":"post_tag","embeddable":true,"href":"https:\/\/dralvarez.com.mx\/larevista\/wp-json\/wp\/v2\/tags?post=58998"}],"curies":[{"name":"wp","href":"https:\/\/api.w.org\/{rel}","templated":true}]}}