{"id":58993,"date":"2017-10-13T00:00:00","date_gmt":"2017-10-13T06:00:00","guid":{"rendered":"https:\/\/dralvarez.com.mx\/larevista\/blog\/disenadores-de-moda-respaldan-a-ninas-y-ninos-con-cancer-18601"},"modified":"2017-10-13T00:00:00","modified_gmt":"2017-10-13T06:00:00","slug":"disenadores-de-moda-respaldan-a-ninas-y-ninos-con-cancer-18601","status":"publish","type":"post","link":"https:\/\/dralvarez.com.mx\/larevista\/yucatan\/disenadores-de-moda-respaldan-a-ninas-y-ninos-con-cancer-18601","title":{"rendered":"Dise\u00f1adores de moda respaldan a ni\u00f1as y ni\u00f1os con c\u00e1ncer"},"content":{"rendered":"<\/p>\n<p>M\u00e9rida,<br \/>\nYucat\u00e1n, 13 de octubre de 2017.- Las luces se encienden y apuntan a la pasarela:<br \/>\ncomienza el desfile \u201cDise\u00f1adores de Ilusiones\u201d en el que 16 ni\u00f1as que padecen<br \/>\nc\u00e1ncer modelaron piezas de una colecci\u00f3n exclusiva, que se les otorg\u00f3 a peque\u00f1a<br \/>\nescala en una mu\u00f1eca de porcelana, en una noche memorable que reuni\u00f3 a<br \/>\nreconocidos creadores de la moda local e internacional.<\/p>\n<p>A<br \/>\neste evento altruista asisti\u00f3 la Presidenta del Sistema para el Desarrollo<br \/>\nIntegral de la Familia (DIF) Yucat\u00e1n, Sarita Blancarte de Zapata, quien<br \/>\nreconoci\u00f3 la labor de la Asociaci\u00f3n Mexicana de Ayuda a Ni\u00f1os con C\u00e1ncer<br \/>\n(Amanc) Peninsular, que ofrece desde desayunos, almuerzos, cenas,<br \/>\nmedicamentos, transportaci\u00f3n a hospitales hasta albergue temporal, en caso de<br \/>\nnecesitarlo, a seres queridos de infantes que pasan esas condiciones de salud.<\/p>\n<p>La<br \/>\ntitular de la Asociaci\u00f3n, Ana Gabriela Cejudo Valencia, y el organizador del<br \/>\ndesfile, Jos\u00e9 Miguel Pino Andrade, agradecieron a las instituciones y la<br \/>\nsociedad civil que sumaron voluntades para crear este tipo de eventos, que<br \/>\nconvierte en protagonistas a estas guerreras, quienes demuestran su valent\u00eda<br \/>\nd\u00eda a d\u00eda. <\/p>\n<p>Ante<br \/>\nel director General del DIF estatal, Jos\u00e9 Limber Sosa Lara, se explic\u00f3 que lo<br \/>\nrecaudado en esta s\u00e9ptima edici\u00f3n de &#8220;Dise\u00f1adores de ilusiones&#8221;<br \/>\nservir\u00e1 para equipar el albergue y ampliar los servicios.<\/p>\n<p><\/p>\n","protected":false},"excerpt":{"rendered":"<p>La Presidenta del DIF, Sarita Blancarte de Zapata, reconoce labor de Amanc.<\/p>\n","protected":false},"author":1018,"featured_media":0,"comment_status":"open","ping_status":"open","sticky":false,"template":"","format":"standard","meta":{"tdm_status":"","tdm_grid_status":"","footnotes":""},"categories":[21],"tags":[],"_links":{"self":[{"href":"https:\/\/dralvarez.com.mx\/larevista\/wp-json\/wp\/v2\/posts\/58993"}],"collection":[{"href":"https:\/\/dralvarez.com.mx\/larevista\/wp-json\/wp\/v2\/posts"}],"about":[{"href":"https:\/\/dralvarez.com.mx\/larevista\/wp-json\/wp\/v2\/types\/post"}],"author":[{"embeddable":true,"href":"https:\/\/dralvarez.com.mx\/larevista\/wp-json\/wp\/v2\/users\/1018"}],"replies":[{"embeddable":true,"href":"https:\/\/dralvarez.com.mx\/larevista\/wp-json\/wp\/v2\/comments?post=58993"}],"version-history":[{"count":0,"href":"https:\/\/dralvarez.com.mx\/larevista\/wp-json\/wp\/v2\/posts\/58993\/revisions"}],"wp:attachment":[{"href":"https:\/\/dralvarez.com.mx\/larevista\/wp-json\/wp\/v2\/media?parent=58993"}],"wp:term":[{"taxonomy":"category","embeddable":true,"href":"https:\/\/dralvarez.com.mx\/larevista\/wp-json\/wp\/v2\/categories?post=58993"},{"taxonomy":"post_tag","embeddable":true,"href":"https:\/\/dralvarez.com.mx\/larevista\/wp-json\/wp\/v2\/tags?post=58993"}],"curies":[{"name":"wp","href":"https:\/\/api.w.org\/{rel}","templated":true}]}}