{"id":58989,"date":"2017-10-13T00:00:00","date_gmt":"2017-10-13T06:00:00","guid":{"rendered":"https:\/\/dralvarez.com.mx\/larevista\/blog\/armando-manzanero-estara-en-vivo-desde-chichen-itza-18597"},"modified":"2017-10-13T00:00:00","modified_gmt":"2017-10-13T06:00:00","slug":"armando-manzanero-estara-en-vivo-desde-chichen-itza-18597","status":"publish","type":"post","link":"https:\/\/dralvarez.com.mx\/larevista\/yucatan\/armando-manzanero-estara-en-vivo-desde-chichen-itza-18597","title":{"rendered":"Armando Manzanero estar\u00e1 en vivo desde Chich\u00e9n Itz\u00e1"},"content":{"rendered":"<p>M\u00e9rida, Yucat\u00e1n; 13 de octubre de 2017 (ACOM).- La trayectoria que ha acumulado durante d\u00e9cadas el cantautor Armando Manzanero ser\u00e1 objeto de celebraci\u00f3n en la zona arqueol\u00f3gica de Chich\u00e9n Itz\u00e1, el pr\u00f3ximo 3 de febrero de 2018.<\/p>\n<p> Considerado el compositor vivo hispanoamericano m\u00e1s reconocido a nivel internacional, Armando Manzanero ser\u00e1 el primer artista mexicano en presentarse como figura principal de un espect\u00e1culo, en este hist\u00f3rico escenario.<\/p>\n<p>En esta gran noche ser\u00e1n Lilia Downs, Natalia Lafourcade, Alex Lora, Tania Libertad, Juan Pablo Manzanero y m\u00e1s artistas por anunciar, quienes acompa\u00f1en por el Ballet Cl\u00e1sico de Yucat\u00e1n y la Orquesta T\u00edpica de Yucalpet\u00e9n.<\/p>\n<p>El homenaje programado para 2018 se denomina \u201cCelebrando a Armando Manzanero en vivo desde Chich\u00e9n Itz\u00e1\u201d y tiene como objetivo resaltar la vida y trayectoria del maestro , as\u00ed como la belleza de la cultura mexicana y en este caso maya que lo acompa\u00f1a en un espect\u00e1culo que ser\u00e1 sorpresa.<\/p>\n<p>Armando Manzanero tiene cerca de 7 d\u00e9cadas de trayectoria  y aunque ya hab\u00eda cantado junto a Pl\u00e1cido Domingo en 2008 en este sitio hist\u00f3rico, el homenaje al maestro yucateco ser\u00e1 el primero donde un artista mexicano se presente ahora como principal atractivo.<\/p>\n<p>El dise\u00f1o del espect\u00e1culo ser\u00e1 sin precedentes y un repertorio musical incomparable que busca enfatizar la obra del maestro y sus or\u00edgenes.<\/p>\n<p>El maestro Manzanero recuerda que cuando ten\u00eda 10 a\u00f1os su abuela lo llev\u00f3 por primera vez al sitio arqueol\u00f3gico de Chich\u00e9n Itz\u00e1, una maravilla del mundo, \u201cella vest\u00eda su fust\u00e1n y el huipil, ella me llev\u00f3 de la mano con su sabuc\u00e1n que era un bolso de henequ\u00e9n\u2026Cuando era monte\u201d, son las palabras que siempre repite el cantautor al referirse a esa parte de su vida.<\/p>\n<p>A trav\u00e9s de los a\u00f1os su inspiraci\u00f3n ha llegado a las interpretaciones de artistas como Elvis Presley, Andrea Bocelli, Tony Pennett, Perry Como, Roberto Carlos, Luis Miguel, Ricardo Montaner, Alejandro Fern\u00e1ndez, Ana Gabriel, Daniela Romo, Cristian Castro y Raphael.<\/p>\n<p>Canciones como \u201cAdoro\u201d, \u201cM\u00eda\u201d, \u201cEsta tarde vi llover\u201d, \u201cVoy a apagar la luz\u201d, \u201cSomos novios\u201d, \u201cParece que fue ayer\u201d, \u201cCuando estoy contigo\u201d, \u201cPor debajo de la mesa\u201d,  \u201cNo s\u00e9 t\u00fa\u201d, \u201cNada personal\u201d forman parte del legado del autor yucateco.<\/p>\n<p>Parte de la taquilla ser\u00e1 donada a organizaciones encargadas de promover el cuidado al medio ambiente, el fomento de empresarios rurales en el sureste mexicano y el apoyo a personas con limitaciones auditivas.<\/p>\n<p>Los boletos se pondr\u00e1n en preventa del 24 al 17 de octubre y la venta al p\u00fablico en general a partir del 27 de este mes.<\/p>\n","protected":false},"excerpt":{"rendered":"<p>Celebrar\u00e1n al maestro yucateco en una noche de antolog\u00eda.<\/p>\n","protected":false},"author":1018,"featured_media":0,"comment_status":"open","ping_status":"open","sticky":false,"template":"","format":"standard","meta":{"tdm_status":"","tdm_grid_status":"","footnotes":""},"categories":[21],"tags":[],"_links":{"self":[{"href":"https:\/\/dralvarez.com.mx\/larevista\/wp-json\/wp\/v2\/posts\/58989"}],"collection":[{"href":"https:\/\/dralvarez.com.mx\/larevista\/wp-json\/wp\/v2\/posts"}],"about":[{"href":"https:\/\/dralvarez.com.mx\/larevista\/wp-json\/wp\/v2\/types\/post"}],"author":[{"embeddable":true,"href":"https:\/\/dralvarez.com.mx\/larevista\/wp-json\/wp\/v2\/users\/1018"}],"replies":[{"embeddable":true,"href":"https:\/\/dralvarez.com.mx\/larevista\/wp-json\/wp\/v2\/comments?post=58989"}],"version-history":[{"count":0,"href":"https:\/\/dralvarez.com.mx\/larevista\/wp-json\/wp\/v2\/posts\/58989\/revisions"}],"wp:attachment":[{"href":"https:\/\/dralvarez.com.mx\/larevista\/wp-json\/wp\/v2\/media?parent=58989"}],"wp:term":[{"taxonomy":"category","embeddable":true,"href":"https:\/\/dralvarez.com.mx\/larevista\/wp-json\/wp\/v2\/categories?post=58989"},{"taxonomy":"post_tag","embeddable":true,"href":"https:\/\/dralvarez.com.mx\/larevista\/wp-json\/wp\/v2\/tags?post=58989"}],"curies":[{"name":"wp","href":"https:\/\/api.w.org\/{rel}","templated":true}]}}