{"id":58987,"date":"2017-10-13T00:00:00","date_gmt":"2017-10-13T06:00:00","guid":{"rendered":"https:\/\/dralvarez.com.mx\/larevista\/blog\/anuncia-cultur-la-segunda-edicion-de-la-expo-redescubre-yucatan-18595"},"modified":"2017-10-13T00:00:00","modified_gmt":"2017-10-13T06:00:00","slug":"anuncia-cultur-la-segunda-edicion-de-la-expo-redescubre-yucatan-18595","status":"publish","type":"post","link":"https:\/\/dralvarez.com.mx\/larevista\/yucatan\/anuncia-cultur-la-segunda-edicion-de-la-expo-redescubre-yucatan-18595","title":{"rendered":"Anuncia CULTUR la segunda edici\u00f3n de la expo Redescubre Yucat\u00e1n"},"content":{"rendered":"<p>M\u00e9rida, Yucat\u00e1n; 12 de octubre de 2017 (ACOM).- La segunda edici\u00f3n de la expo Redescubre Yucat\u00e1n, que se realizar\u00e1 del 3 al 5 de noviembre en el Centro de Convenciones Siglo XXI, contar\u00e1 con el doble de expositores que el a\u00f1o pasado, asegur\u00f3 Dafne L\u00f3pez Mart\u00ednez, titular del Patronato Cultur, dependencia que organiza el evento.&nbsp;<\/p>\n<p>En entrevista, el director de Cultur indic\u00f3 que en 2016 se cont\u00f3 con 53 participantes, y que en esta ocasi\u00f3n se espera tener a m\u00e1s de 100.<\/p>\n<p>L\u00f3pez Mart\u00ednez se\u00f1al\u00f3 que miembros de las cooperativas que est\u00e1n a cargo de los cenotes est\u00e1n contentos con la expo Redescubre, pues les permite obtener la difusi\u00f3n que tanto les falta.<\/p>\n<p>Dijo que la oferta tur\u00edstica incluye paradores, ecoturismo y Pueblo M\u00e1gicos, con lo que se busca mostrar a la gente los diversos lugares donde se puede pasear sin salir de Yucat\u00e1n.<\/p>\n<p>Record\u00f3 que tambi\u00e9n habr\u00e1 una muestra gastron\u00f3mica en el que sobresale el Nohoch Pib, que realiza el municipio de Kanas\u00edn, que consiste en la elaboraci\u00f3n de un mucbilpollo de 150 metros lineales, as\u00ed como de cochinita pibil, huevos motule\u00f1os, y lomitos y longaniza de Valladolid, solo por mencionar algunos.<\/p>\n<p>&#8220;Otro atractivo es la exhibici\u00f3n de un juego de pelota maya&#8221;, mencion\u00f3 el funcionario estatal.<\/p>\n<p>El director del Patronato finaliz\u00f3 diciendo que tambi\u00e9n vendr\u00e1n turisteros de la Riviera Maya para conocer los diferentes nichos a trabajar como gastronom\u00eda y turismo.<\/p>\n","protected":false},"excerpt":{"rendered":"<p>La segunda edici\u00f3n de la expo Redescubre Yucat\u00e1n, que se realizar\u00e1 del 3 al 5 de noviembre en el Centro de Convenciones Siglo XXI, contar\u00e1 con el dobl<\/p>\n","protected":false},"author":1018,"featured_media":0,"comment_status":"open","ping_status":"open","sticky":false,"template":"","format":"standard","meta":{"tdm_status":"","tdm_grid_status":"","footnotes":""},"categories":[21],"tags":[],"_links":{"self":[{"href":"https:\/\/dralvarez.com.mx\/larevista\/wp-json\/wp\/v2\/posts\/58987"}],"collection":[{"href":"https:\/\/dralvarez.com.mx\/larevista\/wp-json\/wp\/v2\/posts"}],"about":[{"href":"https:\/\/dralvarez.com.mx\/larevista\/wp-json\/wp\/v2\/types\/post"}],"author":[{"embeddable":true,"href":"https:\/\/dralvarez.com.mx\/larevista\/wp-json\/wp\/v2\/users\/1018"}],"replies":[{"embeddable":true,"href":"https:\/\/dralvarez.com.mx\/larevista\/wp-json\/wp\/v2\/comments?post=58987"}],"version-history":[{"count":0,"href":"https:\/\/dralvarez.com.mx\/larevista\/wp-json\/wp\/v2\/posts\/58987\/revisions"}],"wp:attachment":[{"href":"https:\/\/dralvarez.com.mx\/larevista\/wp-json\/wp\/v2\/media?parent=58987"}],"wp:term":[{"taxonomy":"category","embeddable":true,"href":"https:\/\/dralvarez.com.mx\/larevista\/wp-json\/wp\/v2\/categories?post=58987"},{"taxonomy":"post_tag","embeddable":true,"href":"https:\/\/dralvarez.com.mx\/larevista\/wp-json\/wp\/v2\/tags?post=58987"}],"curies":[{"name":"wp","href":"https:\/\/api.w.org\/{rel}","templated":true}]}}