{"id":58986,"date":"2017-10-13T00:00:00","date_gmt":"2017-10-13T06:00:00","guid":{"rendered":"https:\/\/dralvarez.com.mx\/larevista\/blog\/cumple-normal-preescolar-44-anos-formando-a-los-mas-pequenos-18594"},"modified":"2017-10-13T00:00:00","modified_gmt":"2017-10-13T06:00:00","slug":"cumple-normal-preescolar-44-anos-formando-a-los-mas-pequenos-18594","status":"publish","type":"post","link":"https:\/\/dralvarez.com.mx\/larevista\/yucatan\/cumple-normal-preescolar-44-anos-formando-a-los-mas-pequenos-18594","title":{"rendered":"Cumple Normal Preescolar 44 a\u00f1os formando a los m\u00e1s peque\u00f1os"},"content":{"rendered":"<p>M\u00e9rida, Yucat\u00e1n, 12 de octubre de 2017.- Han pasado 44 a\u00f1os desde que un grupo de maestros decidi\u00f3 responder a la necesidad de brindar mejores oportunidades de formaci\u00f3n y desarrollo a los m\u00e1s peque\u00f1os, y ahora la Escuela Normal de Educaci\u00f3n Preescolar se consolida como la m\u00e1s importante instituci\u00f3n para quienes aspiran a guiar el destino de la sociedad desde los salones de clases.<\/p>\n<p>Durante la ceremonia de aniversario de este colegio, el titular de la Secretar\u00eda de Educaci\u00f3n del Gobierno del Estado (Segey), V\u00edctor Caballero Dur\u00e1n, mencion\u00f3 que es un ejemplo de c\u00f3mo con el compromiso de sus profesores puede llegar a todos los rincones y destac\u00f3 su capacidad para actualizarse, cambiar y renovarse para mejorar la calidad de su oferta.<\/p>\n<p>&#8220;Hoy se transita por un nuevo modelo desarrollo econ\u00f3mico donde el crecimiento, la inversi\u00f3n y la generaci\u00f3n de empleos avanzan de forma significativa con relaci\u00f3n al resto del pa\u00eds. Esto exige que las personas est\u00e9n debidamente preparadas para ocupar esos espacios; de ah\u00ed la importancia de la tarea que ustedes realizar\u00e1n como docentes&#8221;, apunt\u00f3.<\/p>\n<p>El funcionario agreg\u00f3 que, muestra de lo anterior, est\u00e1 en el quehacer diario de la instituci\u00f3n, que permite formar a un capital humano que pueda afrontar los retos del futuro.<\/p>\n<p>&#8220;Las nuevas generaciones deber\u00e1n articular las competencias necesarias para enfrentar la vida, deber\u00e1n tener mayor capacidad de resolver problemas socioemocionales, ser m\u00e1s flexibles en la adquisici\u00f3n de conocimientos, requerir\u00e1n una mayor inteligencia emocional, que vean con mayor preocupaci\u00f3n el entorno y se ocupen de \u00e9l. Es nuestra obligaci\u00f3n hacer que las siguientes generaciones tengan la misma calidad de vida que nosotros y, \u00bfpor qu\u00e9 no? Mejorarla&#8221;, afirm\u00f3.<\/p>\n<p>Creada el 11 de octubre de 1973, este centro acad\u00e9mico cuenta con una matr\u00edcula actual de m\u00e1s de 500 estudiantes en las tres licenciaturas que ofrece: Educaci\u00f3n Preescolar, Preescolar Intercultural Biling\u00fce e Inicial, de la cual egresar\u00e1 la primera generaci\u00f3n en enero de 2018.<\/p>\n<p>Por su parte, la directora del plantel, Amira Cort\u00e9s C\u00e1mara, expres\u00f3 su alegr\u00eda por formar parte de una instituci\u00f3n que ha sido testigo de miles de historias en las que el trabajo, esfuerzo, dedicaci\u00f3n, tropiezos y \u00e9xitos se hicieron presentes.<\/p>\n<p>&#8220;Este es un espacio en el que el conocimiento adquirido puede ser aprovechado en la resoluci\u00f3n de problemas y la realizaci\u00f3n de cambios que ayuden a mejorar la educaci\u00f3n. Una de las mayores fortalezas es que es una escuela viva, vigente y que nunca se deja vencer por la adversidad, empe\u00f1ada y comprometida con la misi\u00f3n que le corresponde. Estamos dispuestos a continuar esforz\u00e1ndonos y mantener la cultura de trabajo que se ha desarrollado durante 44 a\u00f1os&#8221;, puntualiz\u00f3.<\/p>\n<p>Por segundo a\u00f1o consecutivo, se cuenta con la presencia de estudiantes de otras Normales Preescolares del pa\u00eds, gracias a la beca de movilidad nacional, que les permite compartir experiencias y abonar a la formaci\u00f3n de los alumnos.<\/p>\n<p>Actualmente, trabajan de la mano con el \u00c1rea de Desarrollo Curricular de la Direcci\u00f3n de Educaci\u00f3n Superior para Profesionales de la Educaci\u00f3n, en la actualizaci\u00f3n y redise\u00f1o de los planes de las Licenciaturas en Educaci\u00f3n Preescolar y Preescolar Intercultural Biling\u00fce, los cuales se espera que inicien a la par con el Nuevo Modelo Educativo.<\/p>\n<p><\/p>\n","protected":false},"excerpt":{"rendered":"<p>El titular de la Segey dijo que la Escuela Normal de Educaci\u00f3n Preescolar es un ejemplo de c\u00f3mo con el compromiso de sus profesores puede llegar a tod<\/p>\n","protected":false},"author":1018,"featured_media":0,"comment_status":"open","ping_status":"open","sticky":false,"template":"","format":"standard","meta":{"tdm_status":"","tdm_grid_status":"","footnotes":""},"categories":[21],"tags":[],"_links":{"self":[{"href":"https:\/\/dralvarez.com.mx\/larevista\/wp-json\/wp\/v2\/posts\/58986"}],"collection":[{"href":"https:\/\/dralvarez.com.mx\/larevista\/wp-json\/wp\/v2\/posts"}],"about":[{"href":"https:\/\/dralvarez.com.mx\/larevista\/wp-json\/wp\/v2\/types\/post"}],"author":[{"embeddable":true,"href":"https:\/\/dralvarez.com.mx\/larevista\/wp-json\/wp\/v2\/users\/1018"}],"replies":[{"embeddable":true,"href":"https:\/\/dralvarez.com.mx\/larevista\/wp-json\/wp\/v2\/comments?post=58986"}],"version-history":[{"count":0,"href":"https:\/\/dralvarez.com.mx\/larevista\/wp-json\/wp\/v2\/posts\/58986\/revisions"}],"wp:attachment":[{"href":"https:\/\/dralvarez.com.mx\/larevista\/wp-json\/wp\/v2\/media?parent=58986"}],"wp:term":[{"taxonomy":"category","embeddable":true,"href":"https:\/\/dralvarez.com.mx\/larevista\/wp-json\/wp\/v2\/categories?post=58986"},{"taxonomy":"post_tag","embeddable":true,"href":"https:\/\/dralvarez.com.mx\/larevista\/wp-json\/wp\/v2\/tags?post=58986"}],"curies":[{"name":"wp","href":"https:\/\/api.w.org\/{rel}","templated":true}]}}