{"id":58985,"date":"2017-10-13T00:00:00","date_gmt":"2017-10-13T06:00:00","guid":{"rendered":"https:\/\/dralvarez.com.mx\/larevista\/blog\/merida-despedira-por-todo-lo-alto-su-distincion-como-capital-americana-de-la-cultura-18593"},"modified":"2017-10-13T00:00:00","modified_gmt":"2017-10-13T06:00:00","slug":"merida-despedira-por-todo-lo-alto-su-distincion-como-capital-americana-de-la-cultura-18593","status":"publish","type":"post","link":"https:\/\/dralvarez.com.mx\/larevista\/yucatan\/merida-despedira-por-todo-lo-alto-su-distincion-como-capital-americana-de-la-cultura-18593","title":{"rendered":"M\u00e9rida, despedir\u00e1 por todo lo alto su distinci\u00f3n como Capital Americana de la Cultura"},"content":{"rendered":"<p>M\u00e9rida se consolid\u00f3 como capital cultural en Iberoam\u00e9rica gracias al amplio abanico de actividades efectuadas en el marco de los festejos como Capital Americana de la Cultura 2017, que en su \u00faltimo trimestre cerrar\u00e1 con una cartelera de talla mundial y la actuaci\u00f3n de artistas nacionales e internacionales.<\/p>\n<p>En rueda de prensa realizada en la Ciudad de M\u00e9xico y ante poco m\u00e1s 50 medios de comunicaci\u00f3n, el alcalde Mauricio Vila, anunci\u00f3 la pr\u00f3xima edici\u00f3n del Festival de las Animas; la inauguraci\u00f3n de la exposici\u00f3n de la r\u00e9plica de la Capilla Sixtina, el programa de la Noche Blanca en M\u00e9rida, la actuaci\u00f3n del cantautor argentino Fito P\u00e1ez, el Festival Internacional de Luces &#8220;Filux&#8221; y el cierre de los festejos de la capitalidad cultural, entre otros eventos.<\/p>\n<p>El presidente municipal desglos\u00f3 los beneficios que a lo largo de 9 meses han consolidado a la capital yucateca como referente en materia de cultura, como la inversi\u00f3n en infraestructura tur\u00edstica en el Centro Hist\u00f3rico y la promoci\u00f3n mundial de la ciudad.<\/p>\n<p>En este lapso, M\u00e9rida ha ofrecido espect\u00e1culos internacionales a los que han asistido poco m\u00e1s de 220,427 asistentes y la participaci\u00f3n de 230 artistas de 19 pa\u00edses como: Corea del Sur, Suiza, Italia, Canad\u00e1, Argentina, Paraguay, Brasil, Chile, Estados Unidos, Inglaterra, Costa Rica, Ir\u00e1n, Colombia, Espa\u00f1a, Venezuela, M\u00e9xico, Jap\u00f3n, Alemania y Francia, inform\u00f3.<\/p>\n<p>Para cerrar con \u00e9xito el 2017, M\u00e9rida se prepara para recibir la r\u00e9plica de la Capilla Sixtina, una recreaci\u00f3n a tama\u00f1o natural de esta secci\u00f3n del Palacio Apost\u00f3lico de la Ciudad del Vaticano, la residencia oficial del Papa, mundialmente famosa por ser la sede desde la cual, el Colegio Cardenalicio se re\u00fane para elegir a los Papas y cuya elecci\u00f3n es anunciada al mundo a trav\u00e9s del humo blanco que brota de su chimenea.<\/p>\n<p>La fama de esta capilla se debe a su decoraci\u00f3n, realizada con obras de grandes maestros pintores del Renacimiento. La r\u00e9plica estar\u00e1 abierta al p\u00fablico en M\u00e9rida del 6 al 19 de noviembre.<\/p>\n<p>El cierre de los festejos de la Capital Americana de la Cultura 2017 contar\u00e1 con las actuaciones de Karla Souza el 26 y 28 de octubre; el espect\u00e1culo &#8220;Pixel&#8221;, el 4 y 5 de noviembre; la trompetista holandesa Maite Hontel\u00e9, el 30 de noviembre y 2 de diciembre; y la gran actuaci\u00f3n del cantautor argentino Fito P\u00e1ez el 17 de diciembre.<\/p>\n<p>Acompa\u00f1ado de la directora de Desarrollo Social, Cecilia Patr\u00f3n Laviada y la Secretaria Ejecutiva de Capital Americana de la Cultura, Erica Millet Corona; el presidente municipal tambi\u00e9n promovi\u00f3 el Festival de las \u00c1nimas, que se realizar\u00e1 del 23 al 29 de este mes, actividad que se ha convertido en un atractivo local, nacional e internacional.<\/p>\n<p>El alcalde detall\u00f3 que el programa para esta edici\u00f3n consistir\u00e1 en la instalaci\u00f3n de altares, exposici\u00f3n fotogr\u00e1fica, demostraciones de teatro, m\u00fasica, danza con catrinas y presentaciones especiales dedicadas a las \u00e1nimas durante los programas tradicionales de la Vaquer\u00eda Yucateca, Serenata Yucateca, Noche Mexicana y M\u00e9rida en Domingo.<\/p>\n<p>Record\u00f3 que el Festival de las \u00c1nimas se enmarca en los ejes que impulsa la actual administraci\u00f3n, como son la innovaci\u00f3n y la preservaci\u00f3n de las tradiciones. Adem\u00e1s permite a los ciudadanos y visitantes apropiarse de los espacios p\u00fablicos y una forma diferente de hacer cultura, acciones que se indican en la Carta de los Derechos Culturales de M\u00e9rida y la Agenda 21 de la Cultura.<\/p>\n<p>Entre los eventos estelares de cierre de a\u00f1o en M\u00e9rida, est\u00e1 la Noche Blanca, un programa innovador que ha marcado un precedente en la forma de hacer cultura y donde converge el arte, la belleza y la convivencia ciudadana, \u00fanico en su tipo en M\u00e9xico.<\/p>\n<p>A la fecha, m\u00e1s de 320,000 mil personas de todas las edades han acudido por lo menos a una de las siete jornadas de la Noche Blanca, en las cuales se organizaron 919 actividades, entre espect\u00e1culos programados y exposiciones que se exhibieron en m\u00e1s de 400 sedes de la Ciudad.<\/p>\n<p>El alcalde Mauricio Vila se\u00f1al\u00f3 que la promoci\u00f3n de estas actividades no s\u00f3lo se traduce en colocar a M\u00e9rida en los ojos del mundo sino tambi\u00e9n en la generaci\u00f3n de empleos, la derrama econ\u00f3mica en beneficio de los meridanos y el impulso a la industria tur\u00edstica de la capital yucateca.<\/p>\n<p>El Festival de Luces Filux, se presentar\u00e1 del 4 al 7 de enero de 2018. Es un espect\u00e1culo gratuito de corte internacional el cual consiste en un espacio de promoci\u00f3n y exhibici\u00f3n de obras de arte realizada con luces, las cuales se disfrutan mediante un recorrido por diversos puntos y espacios p\u00fablicos representativos de M\u00e9rida.<\/p>\n<p>Por \u00faltimo, el presidente municipal reiter\u00f3 su invitaci\u00f3n a los visitantes nacionales y extranjeros, as\u00ed como a los yucatecos, a hacer suyos estos espacios y eventos culturales que de esta forma cerrar\u00e1n la agenda de la Capital Americana de la Cultura 2017.<\/p>\n<p><\/p>\n","protected":false},"excerpt":{"rendered":"<p>El alcalde de M\u00e9rida, Mauricio Vila Dosal, present\u00f3 en la Ciudad de M\u00e9xico la agenda cultural con eventos del m\u00e1s alto nivel.<\/p>\n","protected":false},"author":1018,"featured_media":0,"comment_status":"open","ping_status":"open","sticky":false,"template":"","format":"standard","meta":{"tdm_status":"","tdm_grid_status":"","footnotes":""},"categories":[21],"tags":[],"_links":{"self":[{"href":"https:\/\/dralvarez.com.mx\/larevista\/wp-json\/wp\/v2\/posts\/58985"}],"collection":[{"href":"https:\/\/dralvarez.com.mx\/larevista\/wp-json\/wp\/v2\/posts"}],"about":[{"href":"https:\/\/dralvarez.com.mx\/larevista\/wp-json\/wp\/v2\/types\/post"}],"author":[{"embeddable":true,"href":"https:\/\/dralvarez.com.mx\/larevista\/wp-json\/wp\/v2\/users\/1018"}],"replies":[{"embeddable":true,"href":"https:\/\/dralvarez.com.mx\/larevista\/wp-json\/wp\/v2\/comments?post=58985"}],"version-history":[{"count":0,"href":"https:\/\/dralvarez.com.mx\/larevista\/wp-json\/wp\/v2\/posts\/58985\/revisions"}],"wp:attachment":[{"href":"https:\/\/dralvarez.com.mx\/larevista\/wp-json\/wp\/v2\/media?parent=58985"}],"wp:term":[{"taxonomy":"category","embeddable":true,"href":"https:\/\/dralvarez.com.mx\/larevista\/wp-json\/wp\/v2\/categories?post=58985"},{"taxonomy":"post_tag","embeddable":true,"href":"https:\/\/dralvarez.com.mx\/larevista\/wp-json\/wp\/v2\/tags?post=58985"}],"curies":[{"name":"wp","href":"https:\/\/api.w.org\/{rel}","templated":true}]}}