{"id":58983,"date":"2017-10-13T00:00:00","date_gmt":"2017-10-13T06:00:00","guid":{"rendered":"https:\/\/dralvarez.com.mx\/larevista\/blog\/el-ayuntamiento-de-merida-y-cij-suman-esfuerzos-en-jornada-de-salud-mental-18591"},"modified":"2017-10-13T00:00:00","modified_gmt":"2017-10-13T06:00:00","slug":"el-ayuntamiento-de-merida-y-cij-suman-esfuerzos-en-jornada-de-salud-mental-18591","status":"publish","type":"post","link":"https:\/\/dralvarez.com.mx\/larevista\/yucatan\/el-ayuntamiento-de-merida-y-cij-suman-esfuerzos-en-jornada-de-salud-mental-18591","title":{"rendered":"El Ayuntamiento de M\u00e9rida y CIJ suman esfuerzos en Jornada de Salud Mental"},"content":{"rendered":"<p>En el marco del D\u00eda Mundial de la Salud Mental (10 de octubre), el DIF Municipal de M\u00e9rida en coordinaci\u00f3n con Centros de Integraci\u00f3n Juvenil (CIJ) y el Patronato &#8220;Por un Yucat\u00e1n sin Adicciones&#8221; realiz\u00f3 esta ma\u00f1ana su segunda Jornada de Salud Mental en Adolescentes, en la que se abord\u00f3 la importancia de la familia, amigos y escuela como esferas de protecci\u00f3n y prevenci\u00f3n de problemas sociales.<\/p>\n<p>En el evento que reuni\u00f3 a 300 alumnos de diversas preparatorias en el auditorio &#8220;Dr. Silvo Zavala Vallado&#8221;, el director de CIJ M\u00e9rida, V\u00edctor Roa Mu\u00f1oz asegur\u00f3 que a trav\u00e9s de este tipo de jornadas los j\u00f3venes adquieren herramientas que contribuyen a su adecuado desarrollo.<\/p>\n<p>&#8220;El objetivo es proporcionarles informaci\u00f3n y orientaci\u00f3n sobre la importancia de la salud mental y c\u00f3mo debemos cuidarla y protegerla. Es importante que los j\u00f3venes tengan un proyecto de vida, se identifiquen con alguna causa social, procuren el cuidado del medio ambiente y participen o est\u00e9n activos es cuestiones de la escuela, a trav\u00e9s de estas y otras actividades los j\u00f3venes desarrollar\u00e1n habilidades que les ayuden a cuidar su salud emocional&#8221;.<\/p>\n<p>El coordinador de Pol\u00edtica Comunitaria, V\u00edctor Hugo Lozano Poveda, quien asisti\u00f3 en representaci\u00f3n del alcalde M\u00e9rida, Mauricio Vila Dosal, coment\u00f3 que a trav\u00e9s del Ayuntamiento de M\u00e9rida se han realizado acciones que propician la generaci\u00f3n de oportunidades a trav\u00e9s de pol\u00edticas p\u00fablicas, programas y proyectos en beneficio de los j\u00f3venes.<\/p>\n<p>&#8220;A trav\u00e9s de la remodelaci\u00f3n y la construcci\u00f3n de parques y canchas deportivas en las colonias y comisar\u00edas hemos encontrado nuevamente el fortalecimiento del tejido social, estos espacios p\u00fablicos generan nuevas din\u00e1micas entre los j\u00f3venes y las familias y elevan la calidad de vida de nuestra ciudad&#8221;.<\/p>\n<p>Acompa\u00f1ado de la directora del DIF Municipal de M\u00e9rida, Loreto Villanueva Trujillo y la presidenta del patronado &#8220;Por un Yucat\u00e1n sin Adicciones&#8221;, Laura Castro Gamboa, Lozano Poveda destac\u00f3 que a trav\u00e9s de pl\u00e1ticas, consultas, talleres en las escuelas y espacios p\u00fablicos y programas como la &#8220;Red Antibullying&#8221;, el Ayuntamiento de M\u00e9rida suma esfuerzos para fortalecer la salud emocional de miles de ni\u00f1as, ni\u00f1os y adolescentes y para prevenir problem\u00e1ticas como la violencia escolar y en el noviazgo, embarazo adolescente, autolesiones, ciberbullying, sexting y otros.<\/p>\n<p>Por su parte, la coordinadora de Psicolog\u00eda del DIF M\u00e9rida, Nelia V\u00e1zquez Olarte agreg\u00f3 que el evento consisti\u00f3 en un mon\u00f3logo enfocado al manejo de redes sociales y una mesa panel donde dos j\u00f3venes, una madre de familia y profesionistas de diversas \u00e1reas opinaron sobre la importancia de las esferas (familia, amigos, escuela y pareja) como factores de protecci\u00f3n o de riesgo.<\/p>\n<p>Aramis Maldonado, alumna de la escuela Preparatoria Felipe Carillo Puerto agradeci\u00f3 la jornada. &#8220;Hab\u00edan cosas que yo no sab\u00eda y que los psic\u00f3logos de la mesa panel tocaron como temas principales, por eso esta jornada se me hizo muy interesante y de gran ayuda para los j\u00f3venes que acudimos a este evento&#8221;, dijo.<\/p>\n","protected":false},"excerpt":{"rendered":"<p>Destacan el papel de la familia, amigos y escuela como esferas protectoras de la salud mental de los j\u00f3venes.<\/p>\n","protected":false},"author":1018,"featured_media":0,"comment_status":"open","ping_status":"open","sticky":false,"template":"","format":"standard","meta":{"tdm_status":"","tdm_grid_status":"","footnotes":""},"categories":[21],"tags":[],"_links":{"self":[{"href":"https:\/\/dralvarez.com.mx\/larevista\/wp-json\/wp\/v2\/posts\/58983"}],"collection":[{"href":"https:\/\/dralvarez.com.mx\/larevista\/wp-json\/wp\/v2\/posts"}],"about":[{"href":"https:\/\/dralvarez.com.mx\/larevista\/wp-json\/wp\/v2\/types\/post"}],"author":[{"embeddable":true,"href":"https:\/\/dralvarez.com.mx\/larevista\/wp-json\/wp\/v2\/users\/1018"}],"replies":[{"embeddable":true,"href":"https:\/\/dralvarez.com.mx\/larevista\/wp-json\/wp\/v2\/comments?post=58983"}],"version-history":[{"count":0,"href":"https:\/\/dralvarez.com.mx\/larevista\/wp-json\/wp\/v2\/posts\/58983\/revisions"}],"wp:attachment":[{"href":"https:\/\/dralvarez.com.mx\/larevista\/wp-json\/wp\/v2\/media?parent=58983"}],"wp:term":[{"taxonomy":"category","embeddable":true,"href":"https:\/\/dralvarez.com.mx\/larevista\/wp-json\/wp\/v2\/categories?post=58983"},{"taxonomy":"post_tag","embeddable":true,"href":"https:\/\/dralvarez.com.mx\/larevista\/wp-json\/wp\/v2\/tags?post=58983"}],"curies":[{"name":"wp","href":"https:\/\/api.w.org\/{rel}","templated":true}]}}