{"id":58981,"date":"2017-10-13T00:00:00","date_gmt":"2017-10-13T06:00:00","guid":{"rendered":"https:\/\/dralvarez.com.mx\/larevista\/blog\/expoferia-del-comercio-2017-tiene-sus-primeras-actividades-18589"},"modified":"2017-10-13T00:00:00","modified_gmt":"2017-10-13T06:00:00","slug":"expoferia-del-comercio-2017-tiene-sus-primeras-actividades-18589","status":"publish","type":"post","link":"https:\/\/dralvarez.com.mx\/larevista\/yucatan\/expoferia-del-comercio-2017-tiene-sus-primeras-actividades-18589","title":{"rendered":"Expoferia del Comercio 2017 tiene sus primeras actividades"},"content":{"rendered":"<p>M\u00e9rida, Yucat\u00e1n, 12 de octubre de 2017.- Con la participaci\u00f3n de 20 compradores y vendedores de empresas locales, se realiz\u00f3 el Networking en el marco de la Expoferia del Comercio 2017, que abri\u00f3 sus puertas al p\u00fablico en general este jueves 12 de octubre a partir de las 5 de tarde.<\/p>\n<p>El presidente de la CANACO M\u00e9rida, Juan Jos\u00e9 Abraham Daguer, destac\u00f3 que este tipo de din\u00e1mica para hacer negocios tienen un alto porcentaje de efectividad, pues compradores y vendedores dialogan de manera directa, logrando concretar citas de negocios para entablar relaciones comerciales a corto y mediano plazo.<\/p>\n<p>Al realizar un recorrido por los stands de la Expoferia del Comercio, Abraham Daguer asegur\u00f3 que est\u00e1 muestra comercial ya es esperada por los yucatecos y familias de otras entidades que llegan en busca de las promociones y ofertas que ofrecen.<\/p>\n<p>Desde este primer d\u00eda de actividades la Expoferia del Comercio recibi\u00f3 a sus primeros visitantes, quienes recorrieron los 463 stands que ocupan todos los salones del Centro de Convenciones Yucat\u00e1n Siglo XXI.<\/p>\n<p>\u201cLos salones y pasillos del Centro de Convenciones Yucat\u00e1n Siglo XXI est\u00e1n ocupados por los stands de las empresas y dependencias gubernamentales que formar\u00e1n parte de esta muestra comercial que estar\u00e1 abierta al p\u00fablico durante los pr\u00f3ximos tres d\u00edas\u201d, afirm\u00f3.<\/p>\n<p>El l\u00edder empresarial asever\u00f3 que la Expoferia del Comercio de CANACO M\u00e9rida es el evento comercial m\u00e1s importante del a\u00f1o, no solo por la cantidad de visitantes que llegan, sino por el amplio abanico de expositores, que van desde artesanos, zapateros, dependencias gubernamentales, empresas refresqueras y de galletas y botanas de tradici\u00f3n yucateca, hasta agencias de autos.<\/p>\n<p>En est\u00e1 ocasi\u00f3n los expositores regalar\u00e1n kits promocionales bajo la din\u00e1mica de la \u201cLoteria Expoferia\u201d, donde podr\u00e1 participar toda la familia para ganarse bonitos regalos de los patrocinadores.<\/p>\n<p>La Expoferia del Comercio en su edici\u00f3n 19 mostrar\u00e1 una gama de colores, sabores, innovaci\u00f3n, productos sustentables, shows familiares e infantiles, con la finalidad de brindar a los asistentes un grato momento mientras realizan sus compras, subray\u00f3.<\/p>\n<p>En esta expo, dijo, participan marcas locales reconocidas, as\u00ed como nacionales e internacionales, quienes ven en este evento un importante escaparate para darse a conocer y hacer negocio, pues la Expo de CANACO M\u00e9rida recibe durante los cuatro d\u00edas, a m\u00e1s de 300 mil personas.<\/p>\n","protected":false},"excerpt":{"rendered":"<p>En el primer d\u00eda se realiza el Networking donde participaron 20 compradores y vendedores.<\/p>\n","protected":false},"author":1018,"featured_media":0,"comment_status":"open","ping_status":"open","sticky":false,"template":"","format":"standard","meta":{"tdm_status":"","tdm_grid_status":"","footnotes":""},"categories":[21],"tags":[],"_links":{"self":[{"href":"https:\/\/dralvarez.com.mx\/larevista\/wp-json\/wp\/v2\/posts\/58981"}],"collection":[{"href":"https:\/\/dralvarez.com.mx\/larevista\/wp-json\/wp\/v2\/posts"}],"about":[{"href":"https:\/\/dralvarez.com.mx\/larevista\/wp-json\/wp\/v2\/types\/post"}],"author":[{"embeddable":true,"href":"https:\/\/dralvarez.com.mx\/larevista\/wp-json\/wp\/v2\/users\/1018"}],"replies":[{"embeddable":true,"href":"https:\/\/dralvarez.com.mx\/larevista\/wp-json\/wp\/v2\/comments?post=58981"}],"version-history":[{"count":0,"href":"https:\/\/dralvarez.com.mx\/larevista\/wp-json\/wp\/v2\/posts\/58981\/revisions"}],"wp:attachment":[{"href":"https:\/\/dralvarez.com.mx\/larevista\/wp-json\/wp\/v2\/media?parent=58981"}],"wp:term":[{"taxonomy":"category","embeddable":true,"href":"https:\/\/dralvarez.com.mx\/larevista\/wp-json\/wp\/v2\/categories?post=58981"},{"taxonomy":"post_tag","embeddable":true,"href":"https:\/\/dralvarez.com.mx\/larevista\/wp-json\/wp\/v2\/tags?post=58981"}],"curies":[{"name":"wp","href":"https:\/\/api.w.org\/{rel}","templated":true}]}}