{"id":58978,"date":"2017-10-13T00:00:00","date_gmt":"2017-10-13T06:00:00","guid":{"rendered":"https:\/\/dralvarez.com.mx\/larevista\/blog\/zee-detonara-crecimiento-economico-de-yucatan-18586"},"modified":"2017-10-13T00:00:00","modified_gmt":"2017-10-13T06:00:00","slug":"zee-detonara-crecimiento-economico-de-yucatan-18586","status":"publish","type":"post","link":"https:\/\/dralvarez.com.mx\/larevista\/yucatan\/zee-detonara-crecimiento-economico-de-yucatan-18586","title":{"rendered":"ZEE detonar\u00e1 crecimiento econ\u00f3mico de Yucat\u00e1n"},"content":{"rendered":"<p>M\u00e9rida, Yucat\u00e1n, 12 de octubre de 2017.- El crecimiento de Yucat\u00e1n seguir\u00e1 su paso con m\u00e1s fuerza tras la declaratoria en su territorio de una Zona Econ\u00f3mica Especial, lo cual se emitir\u00e1 antes de que concluya este a\u00f1o, y que contempla incentivos fiscales, simplificaci\u00f3n regulatoria y facilidad en m\u00e1s de mil 700 tr\u00e1mites, lo que favorecer\u00e1 la llegada de mayor inversi\u00f3n externa, as\u00ed como local, que de manera conjunta generar\u00e1n unos 35 mil nuevos empleos mejor pagados.<\/p>\n<p>Luego de afirmar lo anterior durante su participaci\u00f3n en el panel \u201cZEEs: Oportunidades nuevas para el desarrollo&#8221;, en el marco de la 44 Convenci\u00f3n Nacional de la Industria Maquiladora y Manufacturera de Exportaci\u00f3n (Index), Gerardo Guti\u00e9rrez Candiani, titular de la Autoridad Federal para el Desarrollo de las Zonas Econ\u00f3micas Especiales (AFDZEE), asegur\u00f3 que es un gran acierto que nuestro estado le apueste a la innovaci\u00f3n y al desarrollo tecnol\u00f3gico.<\/p>\n<p>Aqu\u00ed hay un gran potencial en las tecnolog\u00edas de la informaci\u00f3n. Adem\u00e1s, este rubro tiene un alto valor agregado, con la oportunidad de incursionar en mercados internacionales, lo que generar\u00eda 35 mil empleos bien remunerados, que se traduce en un avance integral de la pen\u00ednsula, asever\u00f3. <\/p>\n<p>Guti\u00e9rrez Candiani resalt\u00f3 que la entidad ha tenido logros importantes, en los \u00faltimos a\u00f1os, en el aumento del bienestar de su poblaci\u00f3n. Esto se observa en que, como resultado de acertadas pol\u00edticas p\u00fablicas, ha dejado de estar entre las 10 m\u00e1s pobres, seg\u00fan el \u00faltimo estudio del Consejo Nacional de Evaluaci\u00f3n de la Pol\u00edtica de Desarrollo Social (Coneval).<\/p>\n<p>Al continuar con el tema de la ZEE, dijo que \u00e9sta conlleva expansi\u00f3n industrial, que genera proveedur\u00eda y encadenamientos de valor que impactar\u00e1n en un mejor nivel vida de los yucatecos.<\/p>\n<p>Ante una nutrida audiencia, reunida en un hotel de esta ciudad, el funcionario coment\u00f3 que el paquete de incentivos para las ZEE de M\u00e9xico es el m\u00e1s ambicioso en la historia del pa\u00eds. Este plan contempla la deducci\u00f3n inmediata de impuestos durante los primeros ocho a\u00f1os, como los gastos en capacitaci\u00f3n que lo ser\u00e1n  en hasta un 50 por ciento y el cr\u00e9dito fiscal, en un 30 por ciento en gastos espec\u00edficos, aunado a los beneficios de exenci\u00f3n del IVA.<\/p>\n<p>Entre los incentivos fiscales locales, mencion\u00f3 que habr\u00e1 exentos en n\u00f3mina, predial, traslado de inmuebles, hospedaje y compras de gobierno. En los no fiscales se encuentran 29 programas federales alineados, como la banca de desarrollo para financiar proyectos productivos, capacitaci\u00f3n y programa de investigaci\u00f3n y desarrollo (I+D) entre otros.<\/p>\n<p>Los criterios para crear las ZEE incluyen el establecimiento de pol\u00edgonos amplios de miles de hect\u00e1reas, a los que se suma territorio federal, que ser\u00e1 concesionado. En ellas habr\u00e1 dos secciones, una p\u00fablica, con administradores integrales de clase mundial, que se asociar\u00e1n con empresarios locales con experiencia en desarrollo de infraestructura de parques industriales, y otra privada.<\/p>\n","protected":false},"excerpt":{"rendered":"<p>La innovaci\u00f3n y el desarrollo tecnol\u00f3gico le dar\u00e1n alto valor agregado, para los mercados internacionales.<\/p>\n","protected":false},"author":1018,"featured_media":0,"comment_status":"open","ping_status":"open","sticky":false,"template":"","format":"standard","meta":{"tdm_status":"","tdm_grid_status":"","footnotes":""},"categories":[21],"tags":[],"_links":{"self":[{"href":"https:\/\/dralvarez.com.mx\/larevista\/wp-json\/wp\/v2\/posts\/58978"}],"collection":[{"href":"https:\/\/dralvarez.com.mx\/larevista\/wp-json\/wp\/v2\/posts"}],"about":[{"href":"https:\/\/dralvarez.com.mx\/larevista\/wp-json\/wp\/v2\/types\/post"}],"author":[{"embeddable":true,"href":"https:\/\/dralvarez.com.mx\/larevista\/wp-json\/wp\/v2\/users\/1018"}],"replies":[{"embeddable":true,"href":"https:\/\/dralvarez.com.mx\/larevista\/wp-json\/wp\/v2\/comments?post=58978"}],"version-history":[{"count":0,"href":"https:\/\/dralvarez.com.mx\/larevista\/wp-json\/wp\/v2\/posts\/58978\/revisions"}],"wp:attachment":[{"href":"https:\/\/dralvarez.com.mx\/larevista\/wp-json\/wp\/v2\/media?parent=58978"}],"wp:term":[{"taxonomy":"category","embeddable":true,"href":"https:\/\/dralvarez.com.mx\/larevista\/wp-json\/wp\/v2\/categories?post=58978"},{"taxonomy":"post_tag","embeddable":true,"href":"https:\/\/dralvarez.com.mx\/larevista\/wp-json\/wp\/v2\/tags?post=58978"}],"curies":[{"name":"wp","href":"https:\/\/api.w.org\/{rel}","templated":true}]}}