{"id":58968,"date":"2017-10-12T00:00:00","date_gmt":"2017-10-12T06:00:00","guid":{"rendered":"https:\/\/dralvarez.com.mx\/larevista\/blog\/la-pobreza-debe-mantener-una-tendencia-a-la-baja-18576"},"modified":"2017-10-12T00:00:00","modified_gmt":"2017-10-12T06:00:00","slug":"la-pobreza-debe-mantener-una-tendencia-a-la-baja-18576","status":"publish","type":"post","link":"https:\/\/dralvarez.com.mx\/larevista\/yucatan\/la-pobreza-debe-mantener-una-tendencia-a-la-baja-18576","title":{"rendered":"La pobreza debe mantener una tendencia a la baja"},"content":{"rendered":"<\/p>\n<p>M\u00e9rida,<br \/>\nYucat\u00e1n, 11 de octubre de 2017.- La pobreza debe mantener una tendencia a la<br \/>\nbaja en los pr\u00f3ximos a\u00f1os de haber continuidad en las pol\u00edticas p\u00fablicas en<br \/>\nYucat\u00e1n para reducir las carencias y detonar el crecimiento econ\u00f3mico, afirm\u00f3<br \/>\nel titular de la Secretaria de Desarrollo Social (Sedesol), Mauricio Sahu\u00ed<br \/>\nRivero.<\/p>\n<p>Ante<br \/>\nestudiantes de la facultad de Derecho de la Universidad Aut\u00f3noma de Yucat\u00e1n<br \/>\n(Uady), de la que es egresado y fue catedr\u00e1tico, el funcionario present\u00f3 los<br \/>\navances en la pol\u00edtica social del estado, de acuerdo con la medici\u00f3n hecha el<br \/>\nConsejo Nacional de Evaluaci\u00f3n de la Pol\u00edtica de Desarrollo Social (Coneval).<\/p>\n<p>\u201cLas cifras<br \/>\nson alentadoras, pero no nos conformamos y aspiramos a mejorar los resultados.<br \/>\nLos logrados en esta \u00faltima medici\u00f3n se tradujo en que 95 mil yucatecas y<br \/>\nyucatecos han salido de la condici\u00f3n de pobreza\u201d explic\u00f3.<\/p>\n<p>Sahu\u00ed Rivero<br \/>\nindic\u00f3 que la estrategia de combate a las carencias sociales denominada Mejorar<br \/>\nse convirti\u00f3 en una importante herramienta para atender las necesidades de<br \/>\nmiles de familias yucatecas.<\/p>\n<p>\u201cPartimos de<br \/>\nun diagn\u00f3stico de la situaci\u00f3n para determinar el tipo de acciones que se iban<br \/>\na impulsar. No se trataba solamente de entregar estufas o construir ba\u00f1os sino<br \/>\nde lograr que quienes fueron objeto del programa los utilicen y sus vidas<br \/>\ncambien, se reduzcan las enfermedades o tengan espacios dignos para vivir\u201d<br \/>\nabund\u00f3.<\/p>\n<p>Durante el<br \/>\nencuentro, el titular de la Sedesol estatal respondi\u00f3 diversos cuestionamientos<br \/>\npresentados por los estudiantes en torno al reporte de la medici\u00f3n de pobreza<br \/>\ndado a conocer por el Coneval.<\/p>\n<p>Ante el<br \/>\npresidente de la sociedad de alumnos de la Facultad de Derecho Ra\u00fal Preciado<br \/>\nPolanco y a una pregunta expresa, el exponente se refiri\u00f3 a la necesidad de<br \/>\nprofesionalizar la pol\u00edtica y el servicio p\u00fablico.<\/p>\n<p>\u201cSi eres<br \/>\ndisciplinado y profesional est\u00e1s destinado a ganarle al perezoso. No basta el<br \/>\ntalento. En materia p\u00fablica necesitamos servidores p\u00fablicos profesionales\u201d<br \/>\nexpres\u00f3.<\/p>\n<p>Al t\u00e9rmino<br \/>\nde la presentaci\u00f3n y a invitaci\u00f3n de Preciado Polanco, el secretario de<br \/>\nDesarrollo Social visit\u00f3 las oficinas de la Sociedad de Alumnos. <\/p>\n<p><\/p>\n","protected":false},"excerpt":{"rendered":"<p>Nuevo encuentro con universitarios para presentar resultados de CONEVAL.<\/p>\n","protected":false},"author":1018,"featured_media":0,"comment_status":"open","ping_status":"open","sticky":false,"template":"","format":"standard","meta":{"tdm_status":"","tdm_grid_status":"","footnotes":""},"categories":[21],"tags":[],"_links":{"self":[{"href":"https:\/\/dralvarez.com.mx\/larevista\/wp-json\/wp\/v2\/posts\/58968"}],"collection":[{"href":"https:\/\/dralvarez.com.mx\/larevista\/wp-json\/wp\/v2\/posts"}],"about":[{"href":"https:\/\/dralvarez.com.mx\/larevista\/wp-json\/wp\/v2\/types\/post"}],"author":[{"embeddable":true,"href":"https:\/\/dralvarez.com.mx\/larevista\/wp-json\/wp\/v2\/users\/1018"}],"replies":[{"embeddable":true,"href":"https:\/\/dralvarez.com.mx\/larevista\/wp-json\/wp\/v2\/comments?post=58968"}],"version-history":[{"count":0,"href":"https:\/\/dralvarez.com.mx\/larevista\/wp-json\/wp\/v2\/posts\/58968\/revisions"}],"wp:attachment":[{"href":"https:\/\/dralvarez.com.mx\/larevista\/wp-json\/wp\/v2\/media?parent=58968"}],"wp:term":[{"taxonomy":"category","embeddable":true,"href":"https:\/\/dralvarez.com.mx\/larevista\/wp-json\/wp\/v2\/categories?post=58968"},{"taxonomy":"post_tag","embeddable":true,"href":"https:\/\/dralvarez.com.mx\/larevista\/wp-json\/wp\/v2\/tags?post=58968"}],"curies":[{"name":"wp","href":"https:\/\/api.w.org\/{rel}","templated":true}]}}