{"id":58959,"date":"2017-10-12T00:00:00","date_gmt":"2017-10-12T06:00:00","guid":{"rendered":"https:\/\/dralvarez.com.mx\/larevista\/blog\/jovenes-yucatecos-se-capacitan-mediante-concurso-en-litigios-orales-18567"},"modified":"2017-10-12T00:00:00","modified_gmt":"2017-10-12T06:00:00","slug":"jovenes-yucatecos-se-capacitan-mediante-concurso-en-litigios-orales-18567","status":"publish","type":"post","link":"https:\/\/dralvarez.com.mx\/larevista\/yucatan\/jovenes-yucatecos-se-capacitan-mediante-concurso-en-litigios-orales-18567","title":{"rendered":"J\u00f3venes yucatecos se capacitan mediante concurso en litigios orales"},"content":{"rendered":"<\/p>\n<p>M\u00e9rida, Yucat\u00e1n; 12 de octubre de 2017 (ACOM).- Convocado por el Poder Judicial del Estado, este jueves inici\u00f3 la VII Competencia Universitaria de Litigaci\u00f3n Oral, evento que re\u00fane a unos 150 j\u00f3venes estudiantes de la carrera de leyes, de 12 universidades del estado.<\/p>\n<p>Marcos Celis Quintal, presidente del Tribunal Superior de Justicia fue el encargado de inaugurar el evento y se\u00f1al\u00f3 que esto permite establecer un aprendizaje para impulsar el esp\u00edritu de las buenas pr\u00e1cticas jur\u00eddicas para los estudiantes de la carrera de jurisprudencia.<\/p>\n<p>Este encuentro aglutina a 12 instituciones de nivel superior que inscribieron a 22 equipos \u2013 de 5 elementos cada uno- que competir\u00e1n por la presentaci\u00f3n, tanto en defensa, como en fiscal\u00eda,  para darle el seguimiento de un proceso judicial en sus tres fases.<\/p>\n<p>Para tal efecto, se escogi\u00f3 un caso previamente establecido, en base a una convocatoria.<\/p>\n<p>Cada equipo tiene adem\u00e1s un respaldo de un grupo de docentes que aportan consejos y asesor\u00eda a los estudiantes para consolidar argumentos y justificaci\u00f3n te\u00f3rica jur\u00eddica al procedimiento.<\/p>\n<p>El certamen tiene una duraci\u00f3n de tres d\u00edas, hasta el pr\u00f3ximo s\u00e1bado, cuando se emitir\u00e1 un dictamen establecido por los integrantes de un jurado que dar\u00e1n un fallo sobre el equipo que cumpli\u00f3 con todos los aspectos jur\u00eddicos en el procedimiento.<\/p>\n<p>Inicialmente como defensores en el caso, pero tambi\u00e9n deben fungir como acusadores y los alcances de sus argumentos, valores en la integraci\u00f3n de las pruebas y las integraci\u00f3n de los delitos y los procesos para alcanzar un resultado.<\/p>\n<p>Celis Quintal convoc\u00f3 a los j\u00f3venes estudiantes a aportar todos sus conocimientos, capacidad y valores para demostrar las buenas pr\u00e1cticas jur\u00eddicas que deben formar a un buen litigante, as\u00ed como demostrar su conocimiento y estudio en aspectos jur\u00eddicos, elevando la calidad del debate en sus t\u00e9rminos judiciales y buscar siempre la justicia en favor del estado y de sus defendidos.<\/p>\n<p>Recalc\u00f3 que Yucat\u00e1n se consolida como el primer estado del pa\u00eds en la realizaci\u00f3n de este tipo de eventos, que re\u00fane a los futuros abogados en un proceso de trabajo rumbo a las condiciones que ejercer\u00e1 en sus funciones laborales.<\/p>\n<p>Pero tambi\u00e9n destac\u00f3 la calidad profesional que tienen los jurisconsultos locales, ya que desde los primeros cert\u00e1menes que se han registrado, los representantes yucatecos en este tipo de concurrencias han demostrado capacidad con primeros lugares en competencias nacionales e incluso internacionales.<\/p>\n<p>Los ganadores de este encuentro obtendr\u00e1n adem\u00e1s de un diploma de reconocimiento por su participaci\u00f3n 3 premios de 15 mil, 7 mil 500 y 2 mil 500 pesos, respectivamente.<\/p><\/p>\n","protected":false},"excerpt":{"rendered":"<p>Convocado por el Poder Judicial del Estado, este jueves inici\u00f3 la VII Competencia Universitaria de Litigaci\u00f3n Oral, evento que re\u00fane a unos 150 j\u00f3vene<\/p>\n","protected":false},"author":1018,"featured_media":0,"comment_status":"open","ping_status":"open","sticky":false,"template":"","format":"standard","meta":{"tdm_status":"","tdm_grid_status":"","footnotes":""},"categories":[21],"tags":[],"_links":{"self":[{"href":"https:\/\/dralvarez.com.mx\/larevista\/wp-json\/wp\/v2\/posts\/58959"}],"collection":[{"href":"https:\/\/dralvarez.com.mx\/larevista\/wp-json\/wp\/v2\/posts"}],"about":[{"href":"https:\/\/dralvarez.com.mx\/larevista\/wp-json\/wp\/v2\/types\/post"}],"author":[{"embeddable":true,"href":"https:\/\/dralvarez.com.mx\/larevista\/wp-json\/wp\/v2\/users\/1018"}],"replies":[{"embeddable":true,"href":"https:\/\/dralvarez.com.mx\/larevista\/wp-json\/wp\/v2\/comments?post=58959"}],"version-history":[{"count":0,"href":"https:\/\/dralvarez.com.mx\/larevista\/wp-json\/wp\/v2\/posts\/58959\/revisions"}],"wp:attachment":[{"href":"https:\/\/dralvarez.com.mx\/larevista\/wp-json\/wp\/v2\/media?parent=58959"}],"wp:term":[{"taxonomy":"category","embeddable":true,"href":"https:\/\/dralvarez.com.mx\/larevista\/wp-json\/wp\/v2\/categories?post=58959"},{"taxonomy":"post_tag","embeddable":true,"href":"https:\/\/dralvarez.com.mx\/larevista\/wp-json\/wp\/v2\/tags?post=58959"}],"curies":[{"name":"wp","href":"https:\/\/api.w.org\/{rel}","templated":true}]}}