{"id":58957,"date":"2017-10-12T00:00:00","date_gmt":"2017-10-12T06:00:00","guid":{"rendered":"https:\/\/dralvarez.com.mx\/larevista\/blog\/una-realidad-zona-economica-especial-de-yucatan-18565"},"modified":"2017-10-12T00:00:00","modified_gmt":"2017-10-12T06:00:00","slug":"una-realidad-zona-economica-especial-de-yucatan-18565","status":"publish","type":"post","link":"https:\/\/dralvarez.com.mx\/larevista\/yucatan\/una-realidad-zona-economica-especial-de-yucatan-18565","title":{"rendered":"Una realidad, Zona Econ\u00f3mica Especial de Yucat\u00e1n"},"content":{"rendered":"<\/p>\n<p>M\u00e9rida, Yucat\u00e1n, 12 de octubre de 2017.- Con la incorporaci\u00f3n de la Zona Econ\u00f3mica Especial (ZEE) de Yucat\u00e1n, que ya ha cubierto los requisitos legales, administrativos, t\u00e9cnicos y fiscales para su implementaci\u00f3n, la entidad avanza hacia un futuro innovador con alto valor agregado y competitivo, aseguraron empresarios del sector manufacturero, legisladores y autoridades estatales.<u><\/u><u><\/u><\/p>\n<p>Durante la inauguraci\u00f3n de la 44 Convenci\u00f3n Nacional de la Industria Maquiladora y Manufacturera de Exportaci\u00f3n (Index), que encabez\u00f3 el Gobernador Rolando Zapata Bello, los representantes de la iniciativa privada resaltaron que dicho proyecto se ver\u00e1 cristalizado en breve y significa un impulso a la nueva visi\u00f3n econ\u00f3mica de M\u00e9xico, orientada al conocimiento, la creaci\u00f3n de centros de dise\u00f1o, innovaci\u00f3n prototipo y capital humano calificado.<u><\/u><u><\/u><\/p>\n<p>Acompa\u00f1ado del comisionado Nacional de Seguridad, Renato Sales Heredia, y del presidente del Consejo Nacional de Index, Federico Serrano Ba\u00f1uelos, el titular del Poder Ejecutivo destac\u00f3 que esta ZEE ya ha sido dictaminada por el comit\u00e9 interinstitucional e interdisciplinario establecido por la ley federal de la materia, y atrajo la atenci\u00f3n de diversas compa\u00f1\u00edas del ramo que desean instalarse en el territorio.<u><\/u><u><\/u><\/p>\n<p>Se refiere a una Zona de nicho, dirigida esencialmente a empresas para la manufactura o los servicios vinculados con el valor tecnol\u00f3gico, un \u00e1rea cuyos contenidos y actividades se enfocar\u00e1n en esa nueva generaci\u00f3n industrial que permite que nuestra econom\u00eda, tanto en Yucat\u00e1n como en la regi\u00f3n como en todo M\u00e9xico, mire hacia el futuro, apunt\u00f3.<u><\/u><u><\/u><\/p>\n<p>En su mensaje, el mandatario hizo hincapi\u00e9 en la importancia de transitar hacia donde marcan las tendencias del mercado global, los bienes y servicios con valor tecnol\u00f3gico, y las condiciones para generar innovaci\u00f3n, que es lo que le da el adjetivo esencial a la producci\u00f3n local.<u><\/u><u><\/u><\/p>\n<p>Durante el encuentro, que se realiz\u00f3 bajo el tema \u201cParadigmas para las manufacturas avanzadas\u201d, Serrano Ba\u00f1uelos coment\u00f3 que la industria manufacturera de exportaci\u00f3n tiene grandes coincidencias y oportunidades con la ZEE, porque podr\u00e1n asociarse firmas importantes que necesitan los servicios de \u00e9sta para incrementar sus cadenas de valor.<u><\/u><u><\/u><\/p>\n<p>\u201cEl enfoque de desarrollar, como parte del programa de las Zonas Econ\u00f3micas Especiales, a Yucat\u00e1n en el sector de las tecnolog\u00edas de la informaci\u00f3n tiene a su favor el disponer transversalmente de ventajas geoestrat\u00e9gicas, enclavadas en una zona de turismo de categor\u00eda mundial, donde las comunicaciones son cruciales y en donde su ubicaci\u00f3n en el centro del continente americano detonar\u00e1 grandes posibilidades de que arriben m\u00e1s empresas anclas de manufactura y de servicios globales\u201d, acot\u00f3.<u><\/u><u><\/u><\/p>\n<p>En ese sentido, el presidente de la Comisi\u00f3n Especial de la Industria Manufacturera y Maquiladora de la C\u00e1mara de Diputados, Felipe Cervera Hern\u00e1ndez, hizo un llamado a mantener la unidad, la confianza y el trabajo entre los mexicanos, tal como se hace en Yucat\u00e1n, tierra de trabajo y esfuerzo, donde el Poder Ejecutivo y la sociedad caminan juntos, y se privilegia la educaci\u00f3n y la capacitaci\u00f3n para tener m\u00e1s empleos y de mejor calidad.<u><\/u><u><\/u><\/p>\n<p>Dentro de este mismo marco, se inform\u00f3 que en lo que va de 2017, el sector manufacturero local crece a un ritmo de 11.6 por ciento; adem\u00e1s, entre enero y julio del presente a\u00f1o, se export\u00f3 230 mil toneladas a trav\u00e9s del Puerto de Altura de Progreso, 27 por ciento m\u00e1s que en el mismo per\u00edodo de 2012.<u><\/u><u><\/u><\/p>\n<p>Asimismo, ante Jos\u00e9 Rogelio Garza, subsecretario de Industria y Comercio de la Secretar\u00eda de Econom\u00eda (SE), Sales Heredia expres\u00f3 que el estado es un ejemplo de que s\u00ed se puede tener resultados positivos en materia de seguridad, al existir un v\u00ednculo de confianza aut\u00e9ntico y efectivo entre polic\u00edas y ciudadanos.<\/p>\n<p><b><i>Discurso del Gobernador Rolando Zapata Bello<\/i><\/b><\/p>\n<p><\/p>\n<\/p>\n<p>Much\u00edsimas gracias, muy buenos d\u00edas amigas y amigos. Sean est\u00e1s, mis primeras palabras, para darles la m\u00e1s cordial bienvenida a esta que es su casa, el estado de Yucat\u00e1n. La tierra del Mayab legendario, la tierra del fais\u00e1n y el venado pero, ante todo, la tierra que hoy les recibe con los brazos abiertos y que se complace enormemente de ser el espacio que ha elegido Index para realizar esta important\u00edsima cuadrag\u00e9sima cuarta Convenci\u00f3n Nacional de la Industria Maquiladora y Manufacturera de Exportaci\u00f3n.<\/p>\n<p>Y con ello agradecemos mucho a Federico Serrano. Amigo, agradecerte todo el apoyo, ya que esto lo hemos venido trabajando desde hace alg\u00fan tiempo y siempre, ante todo, con un gran afecto por Yucat\u00e1n y con un gran compromiso con la industria maquiladora y manufacturera de exportaci\u00f3n y es algo que te agradecemos mucho.<\/p>\n<p>A todo el comit\u00e9, a todos los representantes de los respectivos cap\u00edtulos de Index en la rep\u00fablica que se encuentran aqu\u00ed presentes, much\u00edsimas gracias y sean todos bienvenidos.<\/p>\n<p>Quiero saludar de la misma manera al maestro Renato Sales Heredia, muchas gracias Comisionado Nacional de Seguridad y representante personal del licenciado Miguel \u00c1ngel Osorio Chong, bienvenido.<\/p>\n<p>Much\u00edsimas gracias al licenciado Jos\u00e9 Rogelio Garza Garza, Subsecretario de Industria y Comercio, representante personal del licenciado Ildefonso Guajardo Villarreal, secretario de Econom\u00eda del Gobierno de la Rep\u00fablica. Rogelio, transm\u00edtele un saludo muy afectuoso al se\u00f1or secretario Ildefonso, dile que, como bien se expresaba, todos tenemos una gran confianza en el equipo mexicano que \u00e9l encabeza en esta nueva ronda, y en s\u00ed en todo el proceso, de negociaci\u00f3n del Tratado de Libre Comercio. Tenemos la plena seguridad que los resultados que reporte esta renegociaci\u00f3n ser\u00e1n muy positivos para M\u00e9xico, para la econom\u00eda, para el bienestar de la gran naci\u00f3n mexicana.<\/p>\n<p>Perm\u00edtanme saludar al General de Brigada Diplomado de Estado Mayor Gustavo Nieto Navarro, comandante de la X Regi\u00f3n; a la presidenta del Congreso del Estado, maestra Celia Rivas Rodr\u00edguez; estimado diputado Felipe Cervera Hern\u00e1ndez, presidente de la Comisi\u00f3n Especial de la Industria Manufacturera y Maquiladora de la C\u00e1mara de Diputados.<\/p>\n<p>Luis Felipe L\u00f3pez Alonso, amigo muchas gracias, presidente de la Asociaci\u00f3n de Maquiladoras de Exportaci\u00f3n de Yucat\u00e1n. Hace unos d\u00edas celebr\u00e1bamos precisamente los 30 a\u00f1os de esta importante asociaci\u00f3n y record\u00e1bamos todo lo que le ha aportado a nuestra sociedad.<\/p>\n<p>Perm\u00edtanme saludar a todos quienes conforman este espl\u00e9ndido pres\u00eddium que sin duda significa la gran convocatoria y, de igual manera, la enorme importancia de los asuntos que aqu\u00ed ser\u00e1n hablados.<u><\/u><u><\/u><\/p>\n<p>Quisiera compartir con ustedes que, desde el inicio de nuestra administraci\u00f3n, una de las primeras l\u00edneas de acci\u00f3n fue reindustrializar a Yucat\u00e1n, impulsar un gran proceso de reindustrializaci\u00f3n de nuestro estado, porque la industria era uno de los sectores maduros m\u00e1s importantes de la econom\u00eda.<u><\/u><u><\/u><\/p>\n<p>Este proceso implicaba recuperar el desarrollo industrial que, por muchos a\u00f1os, hab\u00eda caracterizado a nuestra entidad; implicaba, tambi\u00e9n, recuperar el sentido de competitividad y generaci\u00f3n de empleos que, 30 a\u00f1os atr\u00e1s, hab\u00eda sido el punto de origen de la industria maquiladora en nuestro estado, una industria que nos permiti\u00f3, sin duda, diversificar nuestra econom\u00eda y dar un alcance nacional e internacional a nuestros productos.<u><\/u><u><\/u><\/p>\n<p>Y fue en ese nuevo entorno en el que, precisamente en 1987, naci\u00f3 el cap\u00edtulo Yucat\u00e1n de Index, apenas unos a\u00f1os despu\u00e9s de la organizaci\u00f3n nacional. En la d\u00e9cada de los 80, hab\u00eda un contexto nuevo para nuestra naci\u00f3n y para nuestro estado, que implicaba abrirnos al mercado global.<u><\/u><u><\/u><\/p>\n<p>La instalaci\u00f3n de la industria maquiladora en el estado gener\u00f3 empleos y reactiv\u00f3 la producci\u00f3n industrial de Yucat\u00e1n; por ello, para alcanzar la reindustrializaci\u00f3n, era necesario impulsar procesos renovados, modernos y de alcance global como los que en ese momento trajo a nuestro estado la maquila.<u><\/u><u><\/u><\/p>\n<p>Sab\u00edamos que alcanzar esta meta requer\u00eda de mucho trabajo coordinado, y un gran esfuerzo en los \u00e1mbitos p\u00fablico y privado, pero tambi\u00e9n sab\u00edamos que cont\u00e1bamos con empresas decididas a aportar y, fundamentalmente, con el gran apoyo del Presidente Enrique Pe\u00f1a Nieto y de todo el Gobierno de la Rep\u00fablica.<u><\/u><u><\/u><\/p>\n<p>Desde el d\u00eda de su toma de protesta, el Presidente Pe\u00f1a Nieto asegur\u00f3 que uno de sus compromisos era consolidar la infraestructura de la regi\u00f3n sur-sureste mexicana, para incorporar a esta regi\u00f3n a la econom\u00eda global y, desde ese momento, pod\u00edamos corroborar que la visi\u00f3n de nuestro Gobierno de la Rep\u00fablica ser\u00eda consolidar a M\u00e9xico como un pa\u00eds competitivo en el mercado global.<u><\/u><u><\/u><\/p>\n<p>Y el sector manufacturero deb\u00eda ser el principal actor en esta nueva din\u00e1mica, porque la relaci\u00f3n entre el desarrollo manufacturero y el de los productos mexicanos es muy clara, ya lo hemos escuchado con cifras verdaderamente relevantes para nuestra econom\u00eda y para nuestras finanzas.<u><\/u><u><\/u><\/p>\n<p>A nivel nacional, el sector manufacturero representa casi el 90 por ciento de las exportaciones y, en lo que va de 2017, las exportaciones han avanzado m\u00e1s del 10 por ciento respecto del a\u00f1o anterior, es decir, la correlaci\u00f3n es muy evidente y el camino que Yucat\u00e1n deb\u00eda seguir tambi\u00e9n lo es.<u><\/u><u><\/u><\/p>\n<p>Era el momento de transformar a Yucat\u00e1n en la plataforma para los negocios y la industria del sureste mexicano, y la clave del \u00e9xito en el proceso de reindustrializaci\u00f3n del estado se encontraba en crear o establecer las condiciones para atraer empresas productivas, empresas que generaran empleos de calidad para los trabajadores yucatecos y sus familias.<u><\/u><u><\/u><\/p>\n<p>Para ello, ten\u00edamos que garantizar que las condiciones de competitividad necesarias existieran en Yucat\u00e1n: seguridad, capital humano, infraestructura, certeza jur\u00eddica y confianza institucional. El Gobierno del Estado trabaj\u00f3 puntualmente junto a otros \u00e1mbitos de Gobierno, en garantizar que cada uno de estos elementos imperara en la entidad.<u><\/u><u><\/u><\/p>\n<p>Podemos decirles con mucho entusiasmo que lo estamos logrando y, seguramente, este proceso de impulso econ\u00f3mico tendr\u00e1 una mayor dinamizaci\u00f3n, se dinamizar\u00e1 y, fundamentalmente, tendr\u00e1 mayor aliento, un largo aliento, precisamente con la incorporaci\u00f3n de una Zona Econ\u00f3mica Especial aqu\u00ed, en el puerto de Progreso, aqu\u00ed, en el estado de Yucat\u00e1n.<u><\/u><u><\/u><\/p>\n<p>Una Zona Econ\u00f3mica Especial que ha cubierto ya todos los requisitos legales, administrativos, t\u00e9cnicos, fiscales y que cuenta con la certeza de haber sido dictaminada ya por el comit\u00e9 interinstitucional e interdisciplinario establecido por la ley federal de la materia, y tenemos, inclusive, a empresas interesadas en su establecimiento.<u><\/u><u><\/u><\/p>\n<p>Y subrayo este tema porque bien lo expresaba Federico en su intervenci\u00f3n, bien expresaba las bondades de este modelo, lo que representa este modelo, las 10 Zonas Econ\u00f3micas, pero subrayando, particularmente, o la particularidad de la Zona Econ\u00f3mica para el estado de Yucat\u00e1n, porque tambi\u00e9n Rogelio hace una referencia muy importante.<u><\/u><u><\/u><\/p>\n<p>Se refiere a una Zona Econ\u00f3mica Especial de nicho, dirigida esencialmente a empresas para la manufactura o los servicios vinculados con el valor tecnol\u00f3gico, es decir, es una Zona cuyo contenido y cuyas actividades se enfocar\u00e1n, precisamente, en esa nueva generaci\u00f3n industrial que permite que nuestra econom\u00eda, tanto en Yucat\u00e1n como en la regi\u00f3n como en todo M\u00e9xico, mire hacia el futuro.<u><\/u><u><\/u><\/p>\n<p>Siempre es importante, como lo expresaba Rogelio, caminar hacia donde est\u00e1 yendo el futuro y, sin duda, ah\u00ed nos est\u00e1 marcando las tendencias globales, las tendencias de un mercado global, de un mercado sin fronteras, como es el gran planeta en el que vivimos y, fundamentalmente, los bienes y servicios con valor tecnol\u00f3gico, y las condiciones para generar innovaci\u00f3n, es lo que le da el adjetivo esencial a nuestra producci\u00f3n industrial.<u><\/u><u><\/u><\/p>\n<p>Somos el estado \u2013y es importante compartirlo con ustedes\u2013 con la mayor percepci\u00f3n de seguridad, y la mayor confianza en las instituciones de seguridad e impartici\u00f3n de justicia en el pa\u00eds, y contamos hoy en Yucat\u00e1n con la generaci\u00f3n m\u00e1s preparada de nuestra historia.<u><\/u><u><\/u><\/p>\n<p>Hemos modernizado nuestra v\u00eda f\u00e9rrea, nuestro Puerto de Altura e incrementamos la conectividad de nuestro aeropuerto, y el conjunto de estas acciones nos ha dado importantes resultados que est\u00e1n a la vista de todos.<u><\/u><u><\/u><\/p>\n<p>En lo que llevamos de 2017, nuestro sector manufacturero crece a un ritmo de 11.6 por ciento y, por tercer a\u00f1o consecutivo, nuestras manufacturas crecen a doble d\u00edgito; en total, la industria manufacturera ha crecido en Yucat\u00e1n m\u00e1s del 45 por ciento de octubre de 2012 a la presente fecha.<u><\/u><u><\/u><\/p>\n<p>Y junto con este incremento de las capacidades productivas de nuestra industria, Yucat\u00e1n ha vivido un importante desarrollo en el alcance de su producci\u00f3n; as\u00ed, entre enero y julio de 2017, se exportaron 230 mil toneladas a trav\u00e9s del Puerto de Altura, un 27 por ciento m\u00e1s que en el mismo per\u00edodo de 2012.<u><\/u><u><\/u><\/p>\n<p>Por todo este contexto, les reitero, es un verdadero orgullo para todo el pueblo de Yucat\u00e1n recibirles, recibir a todos los participantes de esta Reuni\u00f3n Nacional. Es un aut\u00e9ntico orgullo recibir a una asociaci\u00f3n nacional que, estoy convencido, seguir\u00e1 impulsando a la econom\u00eda mexicana, para que se mantenga fuerte en el mercado de Am\u00e9rica del Norte y en el mercado mundial, en todos los espacios.<u><\/u><u><\/u><\/p>\n<p>Una asociaci\u00f3n que, con su presencia en Yucat\u00e1n, fortalece este sector tan importante para nuestra econom\u00eda, y quisiera compartir a todos ustedes una afirmaci\u00f3n que, fraternalmente, con esa amistad que compartimos, Federico me dijo en una reuni\u00f3n de trabajo el a\u00f1o pasado.<u><\/u><u><\/u><\/p>\n<p>Ese d\u00eda, me se\u00f1al\u00f3 que Yucat\u00e1n era visto a nivel nacional como una punta de lanza, como un nicho de atracci\u00f3n de inversiones por los logros que hab\u00edamos conseguido en diversos rubros econ\u00f3micos y sociales; es una aseveraci\u00f3n que reafirm\u00f3 hace tres d\u00edas, durante la celebraci\u00f3n del trig\u00e9simo aniversario por el Cap\u00edtulo Yucat\u00e1n de Index.<u><\/u><u><\/u><\/p>\n<p>Es una declaraci\u00f3n que nos motiva pero que tambi\u00e9n nos compromete, Federico, nos compromete y se los digo a todas y todos ustedes, amigos funcionarios del Gobierno de la Rep\u00fablica, de nuestro Ayuntamiento, de todos los \u00e1mbitos.<u><\/u><u><\/u><\/p>\n<p>Nos compromete como autoridades a continuar haciendo la parte que nos corresponde para garantizar que se generen las condiciones que permitan que los inversionistas, que la inversi\u00f3n, que las empresas, tengan certeza, tengan certidumbre y tengan confianza para invertir, y con ello, generar los empleos en cantidad y calidad que necesitan las familias en Yucat\u00e1n y todo M\u00e9xico, para vivir en condiciones de bienestar y, fundamentalmente, en armon\u00eda y en paz.<u><\/u><u><\/u><\/p>\n<p>Les doy la m\u00e1s cordial y c\u00e1lida bienvenida a esta que es su casa, la tierra del Mayab, a esta tierra donde el rumbo del desarrollo y del bienestar es un camino que estamos caminando y transitando todos juntos. Bienvenidos y muchas gracias.<\/p><\/p>\n","protected":false},"excerpt":{"rendered":"<p>Sector manufacturero destaca las oportunidades que generar\u00e1 la creaci\u00f3n de esta \u00e1rea.<\/p>\n","protected":false},"author":1018,"featured_media":0,"comment_status":"open","ping_status":"open","sticky":false,"template":"","format":"standard","meta":{"tdm_status":"","tdm_grid_status":"","footnotes":""},"categories":[21],"tags":[],"_links":{"self":[{"href":"https:\/\/dralvarez.com.mx\/larevista\/wp-json\/wp\/v2\/posts\/58957"}],"collection":[{"href":"https:\/\/dralvarez.com.mx\/larevista\/wp-json\/wp\/v2\/posts"}],"about":[{"href":"https:\/\/dralvarez.com.mx\/larevista\/wp-json\/wp\/v2\/types\/post"}],"author":[{"embeddable":true,"href":"https:\/\/dralvarez.com.mx\/larevista\/wp-json\/wp\/v2\/users\/1018"}],"replies":[{"embeddable":true,"href":"https:\/\/dralvarez.com.mx\/larevista\/wp-json\/wp\/v2\/comments?post=58957"}],"version-history":[{"count":0,"href":"https:\/\/dralvarez.com.mx\/larevista\/wp-json\/wp\/v2\/posts\/58957\/revisions"}],"wp:attachment":[{"href":"https:\/\/dralvarez.com.mx\/larevista\/wp-json\/wp\/v2\/media?parent=58957"}],"wp:term":[{"taxonomy":"category","embeddable":true,"href":"https:\/\/dralvarez.com.mx\/larevista\/wp-json\/wp\/v2\/categories?post=58957"},{"taxonomy":"post_tag","embeddable":true,"href":"https:\/\/dralvarez.com.mx\/larevista\/wp-json\/wp\/v2\/tags?post=58957"}],"curies":[{"name":"wp","href":"https:\/\/api.w.org\/{rel}","templated":true}]}}