{"id":58939,"date":"2017-10-12T00:00:00","date_gmt":"2017-10-12T06:00:00","guid":{"rendered":"https:\/\/dralvarez.com.mx\/larevista\/blog\/empresarios-yucatecos-piden-mejorar-la-vinculacion-con-la-academia-18547"},"modified":"2017-10-12T00:00:00","modified_gmt":"2017-10-12T06:00:00","slug":"empresarios-yucatecos-piden-mejorar-la-vinculacion-con-la-academia-18547","status":"publish","type":"post","link":"https:\/\/dralvarez.com.mx\/larevista\/yucatan\/empresarios-yucatecos-piden-mejorar-la-vinculacion-con-la-academia-18547","title":{"rendered":"Empresarios yucatecos piden mejorar la vinculaci\u00f3n con la academia"},"content":{"rendered":"<\/p>\n<p>M\u00e9rida, Yucat\u00e1n, 11 de octubre de 2017.- Participar activamente en el fomento de una formaci\u00f3n profesional m\u00e1s acorde con las necesidades de la iniciativa privada es la principal demanda que plantean integrantes de la delegaci\u00f3n local de la C\u00e1mara Nacional de la Industria Electr\u00f3nica de Telecomunicaciones y Tecnolog\u00edas de la Informaci\u00f3n (Canieti).<\/p>\n<p>Al dar inicio a una nueva etapa del programa \u201cEval\u00faa tu Gobierno\u201d, para recoger las propuestas de la iniciativa privada yucateca encaminadas a mejorar el dise\u00f1o y ejecuci\u00f3n de las pol\u00edticas p\u00fablicas con miras a la elaboraci\u00f3n del Presupuesto de 2018, los empresarios del ramo tecnol\u00f3gico pidieron la creaci\u00f3n de herramientas para medir la efectividad de la formaci\u00f3n de egresados en matem\u00e1ticas y carreras afines al uso de tecnolog\u00edas, as\u00ed como una mayor participaci\u00f3n del sector empresarial en la elaboraci\u00f3n de planes de estudio dentro del nuevo modelo educativo.<\/p>\n<p>El titular de la Secretar\u00eda T\u00e9cnica de Planeaci\u00f3n y Evaluaci\u00f3n (Seplan), Guillermo Cort\u00e9s Gonz\u00e1lez, quien encabez\u00f3 la reuni\u00f3n con integrantes de la Canieti, coincidi\u00f3 en que \u201cla formaci\u00f3n de capital humano es clave para el desarrollo del estado y debe estar preparado de acuerdo con los requerimientos del sector, porque se trata de una industria que vive de generar valor agregado con conocimiento cient\u00edfico\u201d.<\/p>\n<p>El presidente Regional Sureste de la Canieti, Alberto Mu\u00f1oz Ubando, reconoci\u00f3 los logros del Gobierno de Yucat\u00e1n por el crecimiento econ\u00f3mico sostenido que ha registrado en los \u00faltimos a\u00f1os, al colocar a estado como un sitio atractivo para las inversiones.<\/p>\n<p>El dirigente y los socios de la c\u00e1mara coincidieron en que la Zona Econ\u00f3mica Especial de Yucat\u00e1n vendr\u00e1 a incrementar la competitividad, adem\u00e1s de atraer el establecimiento de m\u00e1s empresas y, con ello, mayor necesidad de personal con conocimientos, habilidades, destrezas y capacidades acordes al mercado global, en la que las instituciones educativas juegan un papel medular.<\/p>\n<p>Incentivar la mayor participaci\u00f3n de las mujeres en la industria de las tecnolog\u00edas de la informaci\u00f3n, as\u00ed como mayor apoyo con guarder\u00edas a las que son madres y se desempe\u00f1an laboralmente en este sector fueron otras de las propuestas que los empresarios expusieron durante el di\u00e1logo abierto.<\/p>\n<p>Previamente, Cort\u00e9s Gonz\u00e1lez continu\u00f3 con la presentaci\u00f3n de \u201cEval\u00faa a tu Gobierno\u201d a estudiantes de educaci\u00f3n superior, en el Instituto Tecnol\u00f3gico Agropecuario (ITA) de Conkal, donde los alumnos se\u00f1alaron la importancia de la innovaci\u00f3n tecnol\u00f3gica sustentable y acordaron con el funcionario una visita al Parque Cient\u00edfico y Tecnol\u00f3gico de Yucat\u00e1n, donde diferentes instituciones de investigaci\u00f3n impulsan proyectos del sector agroalimentario.<\/p>\n<p>El titular de Seplan tambi\u00e9n sostuvo un encuentro con acad\u00e9micos y estudiantes de la Escuela Bancaria y Comercial (EBC), donde se abord\u00f3 la existencia de \u00e1reas de oportunidad en la log\u00edstica de los eventos culturales que se efect\u00faan en el centro de M\u00e9rida.<\/p>\n<p>Guillermo Cort\u00e9s se comprometi\u00f3 a vincular a la Licenciatura en Administraci\u00f3n de Negocios de Comunicaci\u00f3n y Entretenimiento con las instituciones culturales estatales para la realizaci\u00f3n de trabajos conjuntos que permitan aprovechar las capacidades universitarias en esta actividad local que atrae a propios y extra\u00f1os.<\/p><\/p>\n","protected":false},"excerpt":{"rendered":"<p>La iniciativa privada pide una formaci\u00f3n m\u00e1s acorde con sus necesidades.<\/p>\n","protected":false},"author":1018,"featured_media":0,"comment_status":"open","ping_status":"open","sticky":false,"template":"","format":"standard","meta":{"tdm_status":"","tdm_grid_status":"","footnotes":""},"categories":[21],"tags":[],"_links":{"self":[{"href":"https:\/\/dralvarez.com.mx\/larevista\/wp-json\/wp\/v2\/posts\/58939"}],"collection":[{"href":"https:\/\/dralvarez.com.mx\/larevista\/wp-json\/wp\/v2\/posts"}],"about":[{"href":"https:\/\/dralvarez.com.mx\/larevista\/wp-json\/wp\/v2\/types\/post"}],"author":[{"embeddable":true,"href":"https:\/\/dralvarez.com.mx\/larevista\/wp-json\/wp\/v2\/users\/1018"}],"replies":[{"embeddable":true,"href":"https:\/\/dralvarez.com.mx\/larevista\/wp-json\/wp\/v2\/comments?post=58939"}],"version-history":[{"count":0,"href":"https:\/\/dralvarez.com.mx\/larevista\/wp-json\/wp\/v2\/posts\/58939\/revisions"}],"wp:attachment":[{"href":"https:\/\/dralvarez.com.mx\/larevista\/wp-json\/wp\/v2\/media?parent=58939"}],"wp:term":[{"taxonomy":"category","embeddable":true,"href":"https:\/\/dralvarez.com.mx\/larevista\/wp-json\/wp\/v2\/categories?post=58939"},{"taxonomy":"post_tag","embeddable":true,"href":"https:\/\/dralvarez.com.mx\/larevista\/wp-json\/wp\/v2\/tags?post=58939"}],"curies":[{"name":"wp","href":"https:\/\/api.w.org\/{rel}","templated":true}]}}