{"id":58934,"date":"2017-10-11T00:00:00","date_gmt":"2017-10-11T06:00:00","guid":{"rendered":"https:\/\/dralvarez.com.mx\/larevista\/blog\/lista-la-expoferia-del-comercio-2017-de-canaco-merida-18541"},"modified":"2017-10-11T00:00:00","modified_gmt":"2017-10-11T06:00:00","slug":"lista-la-expoferia-del-comercio-2017-de-canaco-merida-18541","status":"publish","type":"post","link":"https:\/\/dralvarez.com.mx\/larevista\/yucatan\/lista-la-expoferia-del-comercio-2017-de-canaco-merida-18541","title":{"rendered":"Lista la Expoferia del Comercio 2017 de CANACO M\u00e9rida"},"content":{"rendered":"<\/p>\n<p><b>M\u00e9rida, Yucat\u00e1n, 11 de<br \/>\noctubre de 2017.-<\/b>&nbsp;Los salones del Centro de Convenciones Yucat\u00e1n Siglo XXI<br \/>\nregistran gran movimiento y afluencia de personal de las empresas participantes<br \/>\nen la Expoferia del Comercio 2017, que est\u00e1n montando los stands donde lucir\u00e1n<br \/>\nlos productos que dar\u00e1n vida a la m\u00e1xima muestra comercial del sur-sureste del<br \/>\npa\u00eds, a partir de este jueves 12 de octubre a las 5 de la tarde.<\/p>\n<p>El presidente de la C\u00e1mara<br \/>\nNacional de Comercio, Servicios y Turismo (CANACO SERVYTUR) de M\u00e9rida, Juan<br \/>\nJos\u00e9 Abraham Daguer, resalt\u00f3 que los salones y pasillos del Centro de<br \/>\nConvenciones Yucat\u00e1n Siglo XXI estar\u00e1n ocupados por los m\u00e1s de 450 stands de<br \/>\nlas empresas y dependencias gubernamentales que formar\u00e1n parte de esta muestra<br \/>\ncomercial que estar\u00e1 abierta al p\u00fablico durante cuatro d\u00edas.<\/p>\n<p>Las empresas, destac\u00f3, ya<br \/>\nempezaron a instalar sus productos y servicios que ofertar\u00e1n desde este jueves<br \/>\n12 y hasta el domingo 15 de octubre, para conquistar a los compradores que<br \/>\nllegan atra\u00eddo por las novedades y ofertas.<\/p>\n<p>En est\u00e1 ocasi\u00f3n los<br \/>\nexpositores regalar\u00e1n kits promocionales bajo la din\u00e1mica de la \u201cLoteria<br \/>\nExpoferia\u201d, donde podr\u00e1 participar toda la familia para ganarse bonitos regalos<br \/>\nde los patrocinadores, se\u00f1al\u00f3.<\/p>\n<p>La Expoferia del Comercio<br \/>\nen su edici\u00f3n 19 mostrar\u00e1 una gama de colores, sabores, innovaci\u00f3n, productos<br \/>\nsustentables, shows familiares e infantiles, con la finalidad de brindar a los<br \/>\nasistentes un grato momento mientras realizan sus compras.<\/p>\n<p>&nbsp;Abraham Daguer<br \/>\nasegur\u00f3 que en esta expo participan marcas locales reconocidas, as\u00ed como<br \/>\nnacionales e internacionales, quienes ven en este evento un importante<br \/>\nescaparate para darse a conocer y hacer negocio, pues la Expo de CANACO M\u00e9rida<br \/>\nrecibe durante los cuatro d\u00edas, a m\u00e1s de 300 mil personas.<\/p>\n<p>&nbsp;\u201cLa Expoferia del<br \/>\nComercio de CANACO M\u00e9rida es el evento comercial m\u00e1s importante del a\u00f1o, no<br \/>\nsolo por la cantidad de visitantes que llegan, sino por el amplio abanico de<br \/>\nexpositores, que van desde artesanos, zapateros, dependencias gubernamentales,<br \/>\nempresas refresqueras y de galletas y botanas de tradici\u00f3n yucateca, hasta<br \/>\nagencias de autos\u201d, apunt\u00f3.<\/p><\/p>\n","protected":false},"excerpt":{"rendered":"<p>Empresas participantes est\u00e1n montando los stands donde lucir\u00e1n sus productos que dar\u00e1n vida a la m\u00e1xima muestra comercial del sur-sureste del pa\u00eds.<\/p>\n","protected":false},"author":1018,"featured_media":0,"comment_status":"open","ping_status":"open","sticky":false,"template":"","format":"standard","meta":{"tdm_status":"","tdm_grid_status":"","footnotes":""},"categories":[21],"tags":[],"_links":{"self":[{"href":"https:\/\/dralvarez.com.mx\/larevista\/wp-json\/wp\/v2\/posts\/58934"}],"collection":[{"href":"https:\/\/dralvarez.com.mx\/larevista\/wp-json\/wp\/v2\/posts"}],"about":[{"href":"https:\/\/dralvarez.com.mx\/larevista\/wp-json\/wp\/v2\/types\/post"}],"author":[{"embeddable":true,"href":"https:\/\/dralvarez.com.mx\/larevista\/wp-json\/wp\/v2\/users\/1018"}],"replies":[{"embeddable":true,"href":"https:\/\/dralvarez.com.mx\/larevista\/wp-json\/wp\/v2\/comments?post=58934"}],"version-history":[{"count":0,"href":"https:\/\/dralvarez.com.mx\/larevista\/wp-json\/wp\/v2\/posts\/58934\/revisions"}],"wp:attachment":[{"href":"https:\/\/dralvarez.com.mx\/larevista\/wp-json\/wp\/v2\/media?parent=58934"}],"wp:term":[{"taxonomy":"category","embeddable":true,"href":"https:\/\/dralvarez.com.mx\/larevista\/wp-json\/wp\/v2\/categories?post=58934"},{"taxonomy":"post_tag","embeddable":true,"href":"https:\/\/dralvarez.com.mx\/larevista\/wp-json\/wp\/v2\/tags?post=58934"}],"curies":[{"name":"wp","href":"https:\/\/api.w.org\/{rel}","templated":true}]}}