{"id":58932,"date":"2017-10-11T00:00:00","date_gmt":"2017-10-11T06:00:00","guid":{"rendered":"https:\/\/dralvarez.com.mx\/larevista\/blog\/disminuyen-incapacidades-por-conjuntivitis-18539"},"modified":"2017-10-11T00:00:00","modified_gmt":"2017-10-11T06:00:00","slug":"disminuyen-incapacidades-por-conjuntivitis-18539","status":"publish","type":"post","link":"https:\/\/dralvarez.com.mx\/larevista\/yucatan\/disminuyen-incapacidades-por-conjuntivitis-18539","title":{"rendered":"Disminuyen incapacidades por conjuntivitis"},"content":{"rendered":"<\/p>\n<div>M\u00e9rida, Yucat\u00e1n; 11 de octubre de 2017 (ACOM).-Los casos de incapacidades por conjuntivitis han ido a la baja en los \u00faltimos d\u00edas, aunque se mantiene la prevenci\u00f3n en los centros de trabajo en Yucat\u00e1n, inform\u00f3 la delegaci\u00f3n local de la Secretar\u00eda del Trabajo y Previsi\u00f3n Social (STPS).<\/div>\n<div><\/div>\n<div>Ricardo B\u00e9jar Herrera, titular de la dependencia, refiri\u00f3 que a principios de septiembre pasado, hab\u00eda unas seis mil incapacidades por este mal, aunque en la primera quincena de octubre, ha habido una baja significativa, aunque no refiri\u00f3 en qu\u00e9 medida.<\/div>\n<div><\/div>\n<div>Dijo que esto se debe a que las autoridades han hecho un llamado a los centros empresariales para incrementar sus medidas de prevenci\u00f3n, lo que ha redundado en la disminuci\u00f3n de contagios del padecimiento que present\u00f3 un notable pico este a\u00f1o.<\/div>\n<div><\/div>\n<div>&#8220;Ha habido participaci\u00f3n de los trabajadores. Se colocaron indicaciones preventivas para disminuir los casos y cuando se detecta a una persona, se le otorga la incapacidad para evitar contagios&#8221;, refiri\u00f3.<\/div>\n<div><\/div>\n<div>B\u00e9jar Herrera reconoci\u00f3 que hubo momentos en los que se vieron algunos perjuicios en el sistema productivo debido a las incapacidades, por lo que desde la dependencia que dirige se trabaj\u00f3 en materia preventiva, para conseguir una disminuci\u00f3n.<\/div>\n<div><\/div>\n<div>Como se recordar\u00e1, la Secretar\u00eda de Salud reporta m\u00e1s de 38 mil casos de enfermos de conjuntivitis hasta septiembre por lo que considera que esta cifra debe disminuir en un mes.<\/div><\/p>\n","protected":false},"excerpt":{"rendered":"<p>Los casos de incapacidades por conjuntivitis han ido a la baja en los \u00faltimos d\u00edas, aunque se mantiene la prevenci\u00f3n en los centros de trabajo en Yuca<\/p>\n","protected":false},"author":1018,"featured_media":0,"comment_status":"open","ping_status":"open","sticky":false,"template":"","format":"standard","meta":{"tdm_status":"","tdm_grid_status":"","footnotes":""},"categories":[21],"tags":[],"_links":{"self":[{"href":"https:\/\/dralvarez.com.mx\/larevista\/wp-json\/wp\/v2\/posts\/58932"}],"collection":[{"href":"https:\/\/dralvarez.com.mx\/larevista\/wp-json\/wp\/v2\/posts"}],"about":[{"href":"https:\/\/dralvarez.com.mx\/larevista\/wp-json\/wp\/v2\/types\/post"}],"author":[{"embeddable":true,"href":"https:\/\/dralvarez.com.mx\/larevista\/wp-json\/wp\/v2\/users\/1018"}],"replies":[{"embeddable":true,"href":"https:\/\/dralvarez.com.mx\/larevista\/wp-json\/wp\/v2\/comments?post=58932"}],"version-history":[{"count":0,"href":"https:\/\/dralvarez.com.mx\/larevista\/wp-json\/wp\/v2\/posts\/58932\/revisions"}],"wp:attachment":[{"href":"https:\/\/dralvarez.com.mx\/larevista\/wp-json\/wp\/v2\/media?parent=58932"}],"wp:term":[{"taxonomy":"category","embeddable":true,"href":"https:\/\/dralvarez.com.mx\/larevista\/wp-json\/wp\/v2\/categories?post=58932"},{"taxonomy":"post_tag","embeddable":true,"href":"https:\/\/dralvarez.com.mx\/larevista\/wp-json\/wp\/v2\/tags?post=58932"}],"curies":[{"name":"wp","href":"https:\/\/api.w.org\/{rel}","templated":true}]}}