{"id":58892,"date":"2017-10-11T00:00:00","date_gmt":"2017-10-11T06:00:00","guid":{"rendered":"https:\/\/dralvarez.com.mx\/larevista\/blog\/union-de-esfuerzos-en-favor-de-la-identidad-y-certeza-juridica-18498"},"modified":"2017-10-11T00:00:00","modified_gmt":"2017-10-11T06:00:00","slug":"union-de-esfuerzos-en-favor-de-la-identidad-y-certeza-juridica-18498","status":"publish","type":"post","link":"https:\/\/dralvarez.com.mx\/larevista\/yucatan\/union-de-esfuerzos-en-favor-de-la-identidad-y-certeza-juridica-18498","title":{"rendered":"Uni\u00f3n de esfuerzos en favor de la identidad y certeza jur\u00eddica"},"content":{"rendered":"<p>M\u00e9rida, Yucat\u00e1n, 10 de octubre de 2017.- Como fruto del trabajo conjunto entre la Secretar\u00eda de Educaci\u00f3n del Estado (Segey) y la Consejer\u00eda Jur\u00eddica, se inaugur\u00f3 la Oficial\u00eda n\u00famero 21 en el Centro de Desarrollo Educativo (CEDE) Paulo Freire, con la finalidad de acercar los servicios y tr\u00e1mites del Registro Civil del Estado y abonar al proceso de regionalizaci\u00f3n.<\/p>\n<p>En el marco de la firma de un convenio de colaboraci\u00f3n, el titular de la Segey, V\u00edctor Caballero Dur\u00e1n, declar\u00f3 que independientemente de las tareas diferenciadas que tiene cada dependencia, lo verdaderamente importante es atender a la gente y sus necesidades.<\/p>\n<p>&#8220;Cada d\u00eda de la semana, miles de personas acuden a las oficinas que tenemos en todo el estado y muchas de ellas requieren de estos servicios. Por ello, esta clase de espacios son ideales para establecimientos como en el que hoy nos encontramos. Adem\u00e1s, son oficinas abiertas al p\u00fablico en general, lo cual tiene un beneficio adicional para esta zona de la ciudad&#8221;, afirm\u00f3.<\/p>\n<p>Asimismo, Caballero Dur\u00e1n se\u00f1al\u00f3 que dicho acuerdo enmarca el inicio de instalaci\u00f3n de las oficial\u00edas. &#8220;Vamos a promover m\u00e1s aperturas en los edificios que sean acordes a la visi\u00f3n del Registro Civil para atender regiones espec\u00edficas&#8221;, puntualiz\u00f3.<\/p>\n<p>Por su parte, el director del Registro Civil, Walter Salazar Cano, detall\u00f3 que en esta nueva plaza se realizar\u00e1n todos los actos registrables: nacimiento, matrimonio, divorcios y defunciones. All\u00ed se podr\u00e1n solicitar actas de M\u00e9rida as\u00ed como del interior del estado e incluso se expedir\u00e1n documentos de cualquier estado del pa\u00eds ya que se encuentra interconectada a la base de datos nacional.<\/p>\n<p>El Consejero Jur\u00eddico, Carlos Pav\u00f3n Flores, reconoci\u00f3 este esfuerzo conjunto por dar identidad y certeza jur\u00eddica a la poblaci\u00f3n, ya que tambi\u00e9n es una manera de hacer m\u00e1s eficientes los recursos y tener m\u00e1s alcance.<\/p>\n<p>Algunas de las colonias que se ver\u00e1n favorecidas son Prado Norte, San Antonio Cinta, D\u00edaz Ordaz, Vista Alegre, Felipe Carrillo Puerto, Los Pinos, Jardines de M\u00e9rida, Las \u00c1guilas, Maya y M\u00e9xico.<\/p>\n<p><\/p>\n","protected":false},"excerpt":{"rendered":"<p>Inauguran la Oficial\u00eda n\u00famero 21 en el CEDE Paulo Freire.<\/p>\n","protected":false},"author":1018,"featured_media":0,"comment_status":"open","ping_status":"open","sticky":false,"template":"","format":"standard","meta":{"tdm_status":"","tdm_grid_status":"","footnotes":""},"categories":[21],"tags":[],"_links":{"self":[{"href":"https:\/\/dralvarez.com.mx\/larevista\/wp-json\/wp\/v2\/posts\/58892"}],"collection":[{"href":"https:\/\/dralvarez.com.mx\/larevista\/wp-json\/wp\/v2\/posts"}],"about":[{"href":"https:\/\/dralvarez.com.mx\/larevista\/wp-json\/wp\/v2\/types\/post"}],"author":[{"embeddable":true,"href":"https:\/\/dralvarez.com.mx\/larevista\/wp-json\/wp\/v2\/users\/1018"}],"replies":[{"embeddable":true,"href":"https:\/\/dralvarez.com.mx\/larevista\/wp-json\/wp\/v2\/comments?post=58892"}],"version-history":[{"count":0,"href":"https:\/\/dralvarez.com.mx\/larevista\/wp-json\/wp\/v2\/posts\/58892\/revisions"}],"wp:attachment":[{"href":"https:\/\/dralvarez.com.mx\/larevista\/wp-json\/wp\/v2\/media?parent=58892"}],"wp:term":[{"taxonomy":"category","embeddable":true,"href":"https:\/\/dralvarez.com.mx\/larevista\/wp-json\/wp\/v2\/categories?post=58892"},{"taxonomy":"post_tag","embeddable":true,"href":"https:\/\/dralvarez.com.mx\/larevista\/wp-json\/wp\/v2\/tags?post=58892"}],"curies":[{"name":"wp","href":"https:\/\/api.w.org\/{rel}","templated":true}]}}