{"id":58887,"date":"2017-10-11T00:00:00","date_gmt":"2017-10-11T06:00:00","guid":{"rendered":"https:\/\/dralvarez.com.mx\/larevista\/blog\/facturacion-sigue-siendo-una-traba-para-empresarios-18492"},"modified":"2017-10-11T00:00:00","modified_gmt":"2017-10-11T06:00:00","slug":"facturacion-sigue-siendo-una-traba-para-empresarios-18492","status":"publish","type":"post","link":"https:\/\/dralvarez.com.mx\/larevista\/yucatan\/facturacion-sigue-siendo-una-traba-para-empresarios-18492","title":{"rendered":"Facturaci\u00f3n sigue siendo una \u201ctraba\u201d para empresarios"},"content":{"rendered":"<\/p>\n<p>M\u00e9rida, Yucat\u00e1n; 11 de octubre de 2017 (ACOM).- El presidente del Colegio de Contadores P\u00fablicos de Yucat\u00e1n, Guido Espadas Villajuana, se dijo a favor de la ampliaci\u00f3n en el plazo establecido para la entrada en vigor de la facturaci\u00f3n 3.3, al se\u00f1alar que permitir\u00e1 a los contribuyentes adecuarse de manera correcta a los lineamientos.<\/p>\n<p>Entrevistado, luego de presentar la &#8220;Feria de la Facturaci\u00f3n 3.3&#8221;, el directivo indic\u00f3 que actualmente existen dudas sobre el funcionamiento de dicha modalidad en el sector empresarial por lo que consider\u00f3 necesario que las autoridades hacendarias consideren ampliar la aplicaci\u00f3n de la nueva factura por lo menos seis meses.<\/p>\n<p>Indic\u00f3 que la principal preocupaci\u00f3n del empresariado radica en que la nueva facturaci\u00f3n presenta un incremento en sus costos de emisi\u00f3n, as\u00ed como en la cancelaci\u00f3n y otros movimientos, lo que ocasionar\u00eda mayores gastos tanto a peque\u00f1os como grandes empresas.<\/p>\n<p>En ese tenor mencion\u00f3 que tanto el Instituto Mexicano de Contadores P\u00fablicos, como el Consejo Coordinador Empresarial de Yucat\u00e1n han manifestado al Servicio de Administraci\u00f3n Tributaria (SAT) la posibilidad de que haya una pr\u00f3rroga para la facturaci\u00f3n, aunque este ha se\u00f1alado que el plazo sigue vigente hasta diciembre.<\/p>\n<p>Espadas Villajuana descart\u00f3 que de no haber plazo hubiera comercios que se pasen a la informalidad, aunque acept\u00f3 que esto podr\u00eda acarrear un mayor n\u00famero de multas a establecimientos, as\u00ed como la clausura de otros que incurrieran en faltas con la nueva facturaci\u00f3n.<\/p>\n<p>Abon\u00f3 porque la autoridad considere la posibilidad de la pr\u00f3rroga, pues afirm\u00f3 que se trata de una petici\u00f3n de la ciudadan\u00eda.<\/p>\n<p>Sobre la &#8220;Feria de la Facturaci\u00f3n 3.3&#8221; se\u00f1al\u00f3 que se realizar\u00e1 el 19 de octubre en el Siglo XXI y en ella participar\u00e1n variad empresas de software de facturaci\u00f3n, adem\u00e1s de que habr\u00e1 pl\u00e1ticas sobre temas de contabilidad.<\/p>\n<p>Se aplic\u00f3 una cuota de recuperaci\u00f3n de 150 pesos por persona, dinero que ser\u00e1 donado para las labores de reconstrucci\u00f3n de los estados afectados por los sismos.<\/p>\n<p><\/p>\n","protected":false},"excerpt":{"rendered":"<p>Trabajar\u00e1n de la mano con el SAT para adecuarse a los lineamientos.<\/p>\n","protected":false},"author":1018,"featured_media":0,"comment_status":"open","ping_status":"open","sticky":false,"template":"","format":"standard","meta":{"tdm_status":"","tdm_grid_status":"","footnotes":""},"categories":[21],"tags":[],"_links":{"self":[{"href":"https:\/\/dralvarez.com.mx\/larevista\/wp-json\/wp\/v2\/posts\/58887"}],"collection":[{"href":"https:\/\/dralvarez.com.mx\/larevista\/wp-json\/wp\/v2\/posts"}],"about":[{"href":"https:\/\/dralvarez.com.mx\/larevista\/wp-json\/wp\/v2\/types\/post"}],"author":[{"embeddable":true,"href":"https:\/\/dralvarez.com.mx\/larevista\/wp-json\/wp\/v2\/users\/1018"}],"replies":[{"embeddable":true,"href":"https:\/\/dralvarez.com.mx\/larevista\/wp-json\/wp\/v2\/comments?post=58887"}],"version-history":[{"count":0,"href":"https:\/\/dralvarez.com.mx\/larevista\/wp-json\/wp\/v2\/posts\/58887\/revisions"}],"wp:attachment":[{"href":"https:\/\/dralvarez.com.mx\/larevista\/wp-json\/wp\/v2\/media?parent=58887"}],"wp:term":[{"taxonomy":"category","embeddable":true,"href":"https:\/\/dralvarez.com.mx\/larevista\/wp-json\/wp\/v2\/categories?post=58887"},{"taxonomy":"post_tag","embeddable":true,"href":"https:\/\/dralvarez.com.mx\/larevista\/wp-json\/wp\/v2\/tags?post=58887"}],"curies":[{"name":"wp","href":"https:\/\/api.w.org\/{rel}","templated":true}]}}