{"id":58883,"date":"2017-10-11T00:00:00","date_gmt":"2017-10-11T06:00:00","guid":{"rendered":"https:\/\/dralvarez.com.mx\/larevista\/blog\/casos-de-conjuntivitis-disminuirian-en-unos-dias-ssy-18488"},"modified":"2017-10-11T00:00:00","modified_gmt":"2017-10-11T06:00:00","slug":"casos-de-conjuntivitis-disminuirian-en-unos-dias-ssy-18488","status":"publish","type":"post","link":"https:\/\/dralvarez.com.mx\/larevista\/yucatan\/casos-de-conjuntivitis-disminuirian-en-unos-dias-ssy-18488","title":{"rendered":"Casos de conjuntivitis disminuir\u00edan en unos d\u00edas: SSY"},"content":{"rendered":"<\/p>\n<p>M\u00e9rida, Yucat\u00e1n; 10 de octubre de 2017 (ACOM).- El secretario de salud de Yucat\u00e1n, Jorge Mendoza M\u00e9zquita, afirm\u00f3 que las cifras que se tienen sobre la conjuntivitis reflejan la situaci\u00f3n vivida en los \u00faltimos d\u00edas, por lo que podr\u00eda presumir que la enfermedad podr\u00eda estar a la baja para el pr\u00f3ximo mes.<\/p>\n<p>Entrevistado luego de concluir su participaci\u00f3n en un evento en un conocido hotel de Paseo de Montejo, el funcionario refiri\u00f3 que el comportamiento de dicho padecimiento ha sido parejo en todo el sureste, pues refiri\u00f3 que se trata de ciclos en los que hay un incremento en la incidencia.<\/p>\n<p>Sin embargo, el secretario explic\u00f3 que las cifras comprenden todos los datos de las diversas instituciones de salud en los \u00faltimos d\u00edas.<\/p>\n<div>\n<p>&#8220;Son casos que no sucedieron esta semana, sino que sucedieron hace 10 d\u00edas o 15 d\u00edas. Lo que tenemos nosotros es que lo que ha estado pasando tiene una tendencia a la disminuci\u00f3n pero esto num\u00e9ricamente lo vamos a ver todav\u00eda en un mes&#8221;, afirm\u00f3.<\/p>\n<p>El Sistema Nacional de Vigilancia Epidemiol\u00f3gica refiere que hasta el 30 de septiembre se han registrado 16 mil 36 casos de conjuntivitis, con los que se alcanzan los 38 mil 638 casos en lo que va de este a\u00f1o, cuando en el mismo periodo pero de 2016, apenas hab\u00eda 16 mil 218.<\/p>\n<p>Mendoza M\u00e9zquita refiri\u00f3 que en s\u00ed el padecimiento no disminuir\u00eda si la ciudadan\u00eda no acata las recomendaciones en cuanto a la higiene de manos para evitar su contagio.<\/p>\n<p>&#8220;Es un trabajo en equipo. En el momento en el que nos descuidemos nuevamente y nos dejemos de lavar las manos, vuelve a irse para arriba. Entonces, esto es un trabajo que tiene que ser permanente&#8221;, apunt\u00f3.<\/p>\n<p>Indic\u00f3 que la dependencia ha mantenido una estrategia de prevenci\u00f3n, a trav\u00e9s de difusi\u00f3n de informaci\u00f3n sobre la enfermedad y sus consecuencias, as\u00ed como la aplicaci\u00f3n de filtros de lavado de manos en las escuelas.<\/p>\n<\/div>\n<p><\/p>\n","protected":false},"excerpt":{"rendered":"<p>El secretario de salud de Yucat\u00e1n, Jorge Mendoza M\u00e9zquita, afirm\u00f3 que las cifras que se tienen sobre la conjuntivitis reflejan la situaci\u00f3n vivida en<\/p>\n","protected":false},"author":1018,"featured_media":0,"comment_status":"open","ping_status":"open","sticky":false,"template":"","format":"standard","meta":{"tdm_status":"","tdm_grid_status":"","footnotes":""},"categories":[21],"tags":[],"_links":{"self":[{"href":"https:\/\/dralvarez.com.mx\/larevista\/wp-json\/wp\/v2\/posts\/58883"}],"collection":[{"href":"https:\/\/dralvarez.com.mx\/larevista\/wp-json\/wp\/v2\/posts"}],"about":[{"href":"https:\/\/dralvarez.com.mx\/larevista\/wp-json\/wp\/v2\/types\/post"}],"author":[{"embeddable":true,"href":"https:\/\/dralvarez.com.mx\/larevista\/wp-json\/wp\/v2\/users\/1018"}],"replies":[{"embeddable":true,"href":"https:\/\/dralvarez.com.mx\/larevista\/wp-json\/wp\/v2\/comments?post=58883"}],"version-history":[{"count":0,"href":"https:\/\/dralvarez.com.mx\/larevista\/wp-json\/wp\/v2\/posts\/58883\/revisions"}],"wp:attachment":[{"href":"https:\/\/dralvarez.com.mx\/larevista\/wp-json\/wp\/v2\/media?parent=58883"}],"wp:term":[{"taxonomy":"category","embeddable":true,"href":"https:\/\/dralvarez.com.mx\/larevista\/wp-json\/wp\/v2\/categories?post=58883"},{"taxonomy":"post_tag","embeddable":true,"href":"https:\/\/dralvarez.com.mx\/larevista\/wp-json\/wp\/v2\/tags?post=58883"}],"curies":[{"name":"wp","href":"https:\/\/api.w.org\/{rel}","templated":true}]}}