{"id":58882,"date":"2017-10-11T00:00:00","date_gmt":"2017-10-11T06:00:00","guid":{"rendered":"https:\/\/dralvarez.com.mx\/larevista\/blog\/yucateca-descubre-su-pasion-por-la-fotografia-a-sus-60-anos-18487"},"modified":"2017-10-11T00:00:00","modified_gmt":"2017-10-11T06:00:00","slug":"yucateca-descubre-su-pasion-por-la-fotografia-a-sus-60-anos-18487","status":"publish","type":"post","link":"https:\/\/dralvarez.com.mx\/larevista\/yucatan\/yucateca-descubre-su-pasion-por-la-fotografia-a-sus-60-anos-18487","title":{"rendered":"Yucateca descubre su pasi\u00f3n por la fotograf\u00eda a sus 60 a\u00f1os"},"content":{"rendered":"<\/p>\n<div>\n<div>\n<div>\n<div>M\u00e9rida, Yucat\u00e1n; 10 de octubre de 2017 (Thelmo Zapata\/ACOM).- Luego de trabajar durante 33 a\u00f1os como maestra de historia y geograf\u00eda en el Colegio M\u00e9rida, Elda Vales Manzanilla encontr\u00f3 en la fotograf\u00eda una manera de relajarse, mantenerse activa e invertir su tiempo.<\/div>\n<div><\/div>\n<div>\n<div>Lo que inici\u00f3 hace cinco a\u00f1os como mera curiosidad al tomar un curso b\u00e1sico en la Facultad de Arquitectura de la Universidad Aut\u00f3noma de Yucat\u00e1n (UADY), pronto se transform\u00f3 en una costumbre que hasta al d\u00eda de hoy, la mujer de 65 a\u00f1os no puede dejar.<\/div>\n<div><\/div>\n<div>\u201cDesde que me levanto ya estoy pensando en la siguiente foto que voy a hacer, me relaja mucho\u201d, cuenta.<\/div>\n<div><\/div>\n<div>\u201cLa foto me mantiene siempre activa. Me ha ense\u00f1ado a ser paciente, a pensar lo que voy a tomar, saber que tengo que esperar el momento justo\u201d, dice.<\/div>\n<div><\/div>\n<div>\u201cY no solo he aprendido de la t\u00e9cnica, sino que me ha cambiado como persona\u201d, agrega.<\/div>\n<div><\/div>\n<div>De hecho, Elda obtuvo este lunes una menci\u00f3n honor\u00edfica en el concurso estatal de fotograf\u00eda organizado por la Comisi\u00f3n de Derechos Humanos del Estado de Yucat\u00e1n (Codhey) y el Ayuntamiento de M\u00e9rida, que este a\u00f1o fue dedicado a los adultos mayores y en el que se buscaba representar que todav\u00eda tienen mucho que aportar a la sociedad. Fue la \u00fanica de ese sector de la poblaci\u00f3n en ser reconocida por las autoridades.<\/div>\n<div><\/div>\n<div>De todos los 196 trabajos recibidos, el comit\u00e9 escogi\u00f3 tres im\u00e1genes de Elda, de las cuales un par retrata a hombres trabajando el henequ\u00e9n en haciendas del interior del estado. La restante muestra a un se\u00f1or pintando un cuadro. Todas formar\u00e1n parte de una exposici\u00f3n itinerante que llegar\u00e1 a diversas sedes y lugares del estado.<\/div>\n<div><\/div>\n<div>\n<div>En ese sentido, indic\u00f3 que el adulto mayor en Yucat\u00e1n necesita ser escuchado y atendido, y sobre todo, que las dem\u00e1s personas tengan paciencia con ellos.<\/div>\n<div><\/div>\n<div>\u201cA veces lo \u00fanico que piden es que hables con ellos, que oigas sus historias, aunque sea mil y un veces, pero que los escuches\u201d, dice.<\/div>\n<\/div>\n<div><\/div>\n<div>Vales Manzanilla, quien incluso en enero de este a\u00f1o don\u00f3 a la Comuna meridana una fotograf\u00eda elaborada por ella misma con la t\u00e9cnica de la cianotipia, forma parte del colectivo de artistas Cha\u2019a Oochelo\u2019on (Los que atrapan miradas, en lengua maya) finaliza la charla diciendo que, si el tiempo se lo permite, seguir\u00e1 participando en concursos para demostrar que nunca es demasiado tarde para descubrir nuestra pasi\u00f3n.<\/div>\n<\/div>\n<\/div>\n<div><\/div>\n<\/div>\n<\/div>\n<div><\/p>\n<\/div>\n<p><\/p>\n","protected":false},"excerpt":{"rendered":"<p>Elda Vales Manzanilla encontr\u00f3 en la fotograf\u00eda una manera de relajarse, mantenerse activa e invertir su tiempo.<\/p>\n","protected":false},"author":1018,"featured_media":0,"comment_status":"open","ping_status":"open","sticky":false,"template":"","format":"standard","meta":{"tdm_status":"","tdm_grid_status":"","footnotes":""},"categories":[21],"tags":[],"_links":{"self":[{"href":"https:\/\/dralvarez.com.mx\/larevista\/wp-json\/wp\/v2\/posts\/58882"}],"collection":[{"href":"https:\/\/dralvarez.com.mx\/larevista\/wp-json\/wp\/v2\/posts"}],"about":[{"href":"https:\/\/dralvarez.com.mx\/larevista\/wp-json\/wp\/v2\/types\/post"}],"author":[{"embeddable":true,"href":"https:\/\/dralvarez.com.mx\/larevista\/wp-json\/wp\/v2\/users\/1018"}],"replies":[{"embeddable":true,"href":"https:\/\/dralvarez.com.mx\/larevista\/wp-json\/wp\/v2\/comments?post=58882"}],"version-history":[{"count":0,"href":"https:\/\/dralvarez.com.mx\/larevista\/wp-json\/wp\/v2\/posts\/58882\/revisions"}],"wp:attachment":[{"href":"https:\/\/dralvarez.com.mx\/larevista\/wp-json\/wp\/v2\/media?parent=58882"}],"wp:term":[{"taxonomy":"category","embeddable":true,"href":"https:\/\/dralvarez.com.mx\/larevista\/wp-json\/wp\/v2\/categories?post=58882"},{"taxonomy":"post_tag","embeddable":true,"href":"https:\/\/dralvarez.com.mx\/larevista\/wp-json\/wp\/v2\/tags?post=58882"}],"curies":[{"name":"wp","href":"https:\/\/api.w.org\/{rel}","templated":true}]}}