{"id":58878,"date":"2017-10-11T00:00:00","date_gmt":"2017-10-11T06:00:00","guid":{"rendered":"https:\/\/dralvarez.com.mx\/larevista\/blog\/avanza-un-plan-para-actualizar-la-informacion-de-la-ciudad-y-brindar-trabajo-y-capacitacion-a-jovenes-del-sur-18483"},"modified":"2017-10-11T00:00:00","modified_gmt":"2017-10-11T06:00:00","slug":"avanza-un-plan-para-actualizar-la-informacion-de-la-ciudad-y-brindar-trabajo-y-capacitacion-a-jovenes-del-sur-18483","status":"publish","type":"post","link":"https:\/\/dralvarez.com.mx\/larevista\/yucatan\/avanza-un-plan-para-actualizar-la-informacion-de-la-ciudad-y-brindar-trabajo-y-capacitacion-a-jovenes-del-sur-18483","title":{"rendered":"Avanza un plan para actualizar la informaci\u00f3n de la ciudad y brindar trabajo y capacitaci\u00f3n a  j\u00f3venes del Sur"},"content":{"rendered":"<\/p>\n<div>\n<div>\n<div>\n<div>\n<div>\n<div>\n<div>\n<div>\n<div>\n<div>El alcalde, Mauricio Vila Dosal, constat\u00f3 esta ma\u00f1ana los avances que registra el Centro de Procesamiento de Informaci\u00f3n instalado en el edificio de la Fundaci\u00f3n Alborada en San Jos\u00e9 Tecoh y que forma parte de un convenio entre el municipio y esa agrupaci\u00f3n para brindar trabajo y capacitaci\u00f3n a los j\u00f3venes del sur de la ciudad.<\/div>\n<div>&nbsp;<\/div>\n<div>El trabajo que realizan los j\u00f3venes es el inventario minucioso de la infraestructura urbana de la ciudad, datos que se digitalizar\u00e1n y se subir\u00e1 al geoportal del Ayuntamiento.<\/div>\n<div>&nbsp;<\/div>\n<div>\u2014Es un trabajo de gran importancia porque nos permitir\u00e1 saber a ciencia cierta, con exactitud, cu\u00e1ntos letreros de nomenclatura, paraderos de autob\u00fas, banquetas completas o incompletas, rejillas, alumbrado p\u00fablico o a cu\u00e1ntas calles les falta calafateo, entre otras cosas \u2014explic\u00f3 el alcalde.<\/div>\n<div>&nbsp;<\/div>\n<div>\u2014Con todos los datos de la infraestructura urbana actualizados se podr\u00e1n tomar mejores decisiones para futuras obras \u2014precis\u00f3.<\/div>\n<div>&nbsp;<\/div>\n<div>Adem\u00e1s, los j\u00f3venes que se integraron al proyecto recibieron capacitaci\u00f3n para realizar ese trabajo y el objetivo es vincularlos con empresas que puedan ofrecerles empleo basados en sus nuevas capacidades.<\/div>\n<div>&nbsp;<\/div>\n<div>Javier Portillo Vergara, coordinador del proyecto de Centros de Procesamiento, explic\u00f3 que el plan comenz\u00f3 con un curso de capacitaci\u00f3n en abril, luego una etapa de adiestramiento y posteriormente el levantamiento de informaci\u00f3n de las colonias y fraccionamientos.<\/div>\n<div>&nbsp;<\/div>\n<div>En todo caso, subray\u00f3, el trabajo se realiza con base en el Plan Municipal de Desarrollo y con el apoyo y la asesor\u00eda de las distintas direcciones del Ayuntamiento.<\/div>\n<div>&nbsp;<\/div>\n<div>Precis\u00f3 que al 30 de septiembre, ya se hab\u00eda realizado el levantamiento de datos de funcionamiento urbano y usos de suelo en los cinco distritos en que se dividi\u00f3 la ciudad para la labor: centro, oriente, sur, norte y poniente, con un total de 175 colonias y 211 fraccionamientos.<\/div>\n<div>&nbsp;<\/div>\n<div>El procesamiento de la informaci\u00f3n recopilada comenz\u00f3 el 21 de agosto. El 2 de octubre inici\u00f3 tambi\u00e9n en el Centro Municipal de Emprendedores.<\/div>\n<div>&nbsp;<\/div>\n<div>La recopilaci\u00f3n de la informaci\u00f3n incluye tambi\u00e9n el arbolado urbano.<\/div>\n<div>&nbsp;<\/div>\n<div>Portillo Vergara dijo que para realizar el trabajo el Ayuntamiento firm\u00f3 convenios con dos fundaciones, Alborada y Valentina Arrigunaga Pe\u00f3n.<\/div>\n<div>&nbsp;<\/div>\n<div>Por medio de este programa se da empleo a unos 100 j\u00f3venes del Sur, entre supervisores y recopiladores de informaci\u00f3n que reciben apoyos econ\u00f3micos mensuales, lo mismo que 40 j\u00f3venes que se dedican a la captura de los datos y de los cuales 27 laboran en el Centro de Procesamiento de Informaci\u00f3n de Alborada y 14 en el Centro Municipal de Emprendedores.<\/div>\n<div>&nbsp;<\/div>\n<div>Alfonso Gasque Casares, presidente de la Fundaci\u00f3n Alborada, puntualiz\u00f3 que lo m\u00e1s importante es que mediante este proyecto los j\u00f3venes reciben capacitaci\u00f3n que en primera instancia sirve para actualizar la informaci\u00f3n de la infraestructura municipal, pero posteriormente se les vincular\u00e1 con empresas donde puedan poner en pr\u00e1ctica lo aprendido y obtener un ingreso digno.<\/div>\n<div>&nbsp;<\/div>\n<div>En la visita al Centro que funciona en las instalaciones de Alborada participaron tambi\u00e9n el hermano Salesiano Fernando Mart\u00edn Valdespino, Alejandro G\u00f3mory Mart\u00ednez; P. Juan Carlos San Agust\u00edn, Alejandra Navarrete Laviada, directora de Alborada; Abraham Jorge Mussi y Jos\u00e9 Antonio Loret de Mola G\u00f3mory, consejeros de la fundaci\u00f3n.<\/div>\n<div>&nbsp;<\/div>\n<div>Durante la visita, j\u00f3venes que participan como recopiladores de datos, explicaron al alcalde y dem\u00e1s visitantes la forma como operan en cada colonia.<\/div>\n<div><\/div>\n<\/div>\n<\/div>\n<\/div>\n<\/div>\n<\/div>\n<\/div>\n<\/div>\n<\/div>\n<\/div>\n<div><\/p>\n<\/div>\n<p><\/p>\n","protected":false},"excerpt":{"rendered":"<p>Visita el alcalde, Mauricio Vila, el Centro de Procesamiento de Informaci\u00f3n en San Jos\u00e9 Tecoh<\/p>\n","protected":false},"author":1018,"featured_media":0,"comment_status":"open","ping_status":"open","sticky":false,"template":"","format":"standard","meta":{"tdm_status":"","tdm_grid_status":"","footnotes":""},"categories":[21],"tags":[],"_links":{"self":[{"href":"https:\/\/dralvarez.com.mx\/larevista\/wp-json\/wp\/v2\/posts\/58878"}],"collection":[{"href":"https:\/\/dralvarez.com.mx\/larevista\/wp-json\/wp\/v2\/posts"}],"about":[{"href":"https:\/\/dralvarez.com.mx\/larevista\/wp-json\/wp\/v2\/types\/post"}],"author":[{"embeddable":true,"href":"https:\/\/dralvarez.com.mx\/larevista\/wp-json\/wp\/v2\/users\/1018"}],"replies":[{"embeddable":true,"href":"https:\/\/dralvarez.com.mx\/larevista\/wp-json\/wp\/v2\/comments?post=58878"}],"version-history":[{"count":0,"href":"https:\/\/dralvarez.com.mx\/larevista\/wp-json\/wp\/v2\/posts\/58878\/revisions"}],"wp:attachment":[{"href":"https:\/\/dralvarez.com.mx\/larevista\/wp-json\/wp\/v2\/media?parent=58878"}],"wp:term":[{"taxonomy":"category","embeddable":true,"href":"https:\/\/dralvarez.com.mx\/larevista\/wp-json\/wp\/v2\/categories?post=58878"},{"taxonomy":"post_tag","embeddable":true,"href":"https:\/\/dralvarez.com.mx\/larevista\/wp-json\/wp\/v2\/tags?post=58878"}],"curies":[{"name":"wp","href":"https:\/\/api.w.org\/{rel}","templated":true}]}}