{"id":58864,"date":"2017-10-11T00:00:00","date_gmt":"2017-10-11T06:00:00","guid":{"rendered":"https:\/\/dralvarez.com.mx\/larevista\/blog\/origen-de-la-mirada-primer-lugar-del-concurso-estatal-de-fotografia-18469"},"modified":"2017-10-11T00:00:00","modified_gmt":"2017-10-11T06:00:00","slug":"origen-de-la-mirada-primer-lugar-del-concurso-estatal-de-fotografia-18469","status":"publish","type":"post","link":"https:\/\/dralvarez.com.mx\/larevista\/yucatan\/origen-de-la-mirada-primer-lugar-del-concurso-estatal-de-fotografia-18469","title":{"rendered":"Origen de la mirada, primer lugar del Concurso estatal de fotograf\u00eda"},"content":{"rendered":"<\/p>\n<p>M\u00e9rida, Yuc., a 10 de octubre de 2017.- Con la fotograf\u00eda titulada \u201cOrigen de la mirada\u201d, Mayra Guadalupe Canch\u00e9 Pacab fue la ganadora de 10 mil pesos del primer lugar del Concurso Estatal de Fotograf\u00eda en Derechos Humanos, que en su tercera edici\u00f3n tuvo como tema central los adultos mayores.<\/p>\n<p>El concurso, convocado por la Comisi\u00f3n de Derechos Humanos del Estado de Yucat\u00e1n (CODHEY) y el Ayuntamiento de M\u00e9rida, recibi\u00f3 196 trabajos de los cuales fueron designados el segundo y tercer lugar, Jonathan Cristian Ar\u00e9valo Ramos con \u201cLos bailarines\u201d y Georgina Mat\u00fa Amaya con \u201cMomentos\u201d quienes obtuvieron 6 mil y 4 mil pesos respectivamente.<\/p>\n<p>Adem\u00e1s, recibieron menciones honor\u00edficas los participantes por la calidad de sus im\u00e1genes: Lilia del Carmen Balam Maga\u00f1a; Eymi Guadalupe Coll\u00ed Su\u00e1rez; Eduardo Ortiz Galaz; Pedro Agust\u00edn Tec Chin y Elda Vales Manzanilla.<\/p>\n<p>En representaci\u00f3n de la ganadora del primer lugar, acudi\u00f3 a recibir su premio Samuel Vargas Soloveichik.<\/p>\n<p>En el evento, el Ombudsman Jos\u00e9 Enrique Goff Ailloud destac\u00f3 que el Concurso de Fotograf\u00eda busca generar conciencia sobre la situaci\u00f3n que viven muchos adultos mayores por la constante vulneraci\u00f3n de sus derechos.<\/p>\n<p>Goff Ailloud record\u00f3 que los adultos mayores no deber\u00edan trabajar, a menos que as\u00ed lo deseen, ya que lo ideal es que gocen los \u00faltimos a\u00f1os de su vida junto con sus seres queridos, pero la realidad que se vive es una completamente diferente.<\/p>\n<p>\u201cSabemos que muchos adultos mayores no gozan de pensiones y los que s\u00ed tienen acceso a este beneficio, buscan realizar una actividad adicional para subsistir ya que el dinero que se les paga cada mes resulta insuficiente para vivir dignamente\u201d, precis\u00f3.<\/p>\n<p>Por ello pidi\u00f3 a la sociedad en general crear conciencia sobre el respeto a los adultos mayores, quienes enfrentan situaciones de discriminaci\u00f3n as\u00ed como violencia y despojo de sus bienes, principalmente, de sus familiares.<\/p>\n<p>\u201cLos derechos humanos los vivimos todos los d\u00edas en peque\u00f1as acciones. El llamado es a la sociedad para respetar y valorar a los adultos mayores\u201d, indic\u00f3.<\/p>\n<p>Por su parte, la Directora del DIF Municipal de M\u00e9rida, Loreto Villanueva Trujillo Villanueva Trujillo indic\u00f3 que el concurso es un homenaje para el adulto mayor, para que la sociedad pueda apreciarlos como son, unas personas plenas, felices y que nos pueden ense\u00f1ar much\u00edsimo con sus experiencias.<\/p>\n<p>Por su parte, el  Coordinador de Pol\u00edtica Comunitaria, V\u00edctor Hugo Lozano Poveda, en representaci\u00f3n del alcalde de M\u00e9rida, Mauricio Vila Dosal, felicit\u00f3 a los ganadores y reconoci\u00f3 a los participantes por exaltar lo que las personas adultas mayores pueden dar a la sociedad.<\/p>\n<p>De las fotograf\u00edas participantes fueron seleccionadas, adem\u00e1s de las menciones honor\u00edficas y los ganadores del dinero en efectivo, otras fotograf\u00edas que conforman la exposici\u00f3n de 21 im\u00e1genes que se presenta en el Centro Cultural Olimpo, donde permanecer\u00e1 durante una semana y posteriormente ser\u00e1 trasladada a diversas sedes.<\/p>\n<p>El jurado calificador estuvo integrado por la Directora del Instituto Universitario Gerontol\u00f3gico de Yucat\u00e1n,  Mtra. Yanelli Elizabeth Vega Ojeda; el Director de Artes Visuales de la Escuela Superior de Artes de Yucat\u00e1n, Lic. Sa\u00fal Villa Walls; la fot\u00f3grafa, Patricia Mart\u00edn Brice\u00f1o y la Directora del Centro de Investigaci\u00f3n Aplicada de la CODHEY, Mtra. Mar\u00eda Teresa V\u00e1zquez Baqueiro.<\/p>\n<p>A la ceremonia de premiaci\u00f3n, acudi\u00f3 el director de Cultura del Ayuntamiento de M\u00e9rida, Felipe Octavio Ahumada Vasconcelos y en representaci\u00f3n del jurado, Mar\u00eda Teresa V\u00e1zquez.<\/p>\n<p>En el concurso, participaron fot\u00f3grafos profesionales, &nbsp;aficionados y p\u00fablico en general, quienes abordaron la tem\u00e1tica de los derechos humanos de los adultos mayores, mostrando &nbsp;que la edad no es un impedimento para realizar actividades que promuevan su desarrollo y respeto a su dignidad como personas plenas.<\/p>\n<p><\/p>\n","protected":false},"excerpt":{"rendered":"<p>Mayra Guadalupe Canch\u00e9 Pacab fue la ganadora del primer lugar del Concurso Estatal de Fotograf\u00eda en Derechos Humanos.<\/p>\n","protected":false},"author":1018,"featured_media":0,"comment_status":"open","ping_status":"open","sticky":false,"template":"","format":"standard","meta":{"tdm_status":"","tdm_grid_status":"","footnotes":""},"categories":[21],"tags":[],"_links":{"self":[{"href":"https:\/\/dralvarez.com.mx\/larevista\/wp-json\/wp\/v2\/posts\/58864"}],"collection":[{"href":"https:\/\/dralvarez.com.mx\/larevista\/wp-json\/wp\/v2\/posts"}],"about":[{"href":"https:\/\/dralvarez.com.mx\/larevista\/wp-json\/wp\/v2\/types\/post"}],"author":[{"embeddable":true,"href":"https:\/\/dralvarez.com.mx\/larevista\/wp-json\/wp\/v2\/users\/1018"}],"replies":[{"embeddable":true,"href":"https:\/\/dralvarez.com.mx\/larevista\/wp-json\/wp\/v2\/comments?post=58864"}],"version-history":[{"count":0,"href":"https:\/\/dralvarez.com.mx\/larevista\/wp-json\/wp\/v2\/posts\/58864\/revisions"}],"wp:attachment":[{"href":"https:\/\/dralvarez.com.mx\/larevista\/wp-json\/wp\/v2\/media?parent=58864"}],"wp:term":[{"taxonomy":"category","embeddable":true,"href":"https:\/\/dralvarez.com.mx\/larevista\/wp-json\/wp\/v2\/categories?post=58864"},{"taxonomy":"post_tag","embeddable":true,"href":"https:\/\/dralvarez.com.mx\/larevista\/wp-json\/wp\/v2\/tags?post=58864"}],"curies":[{"name":"wp","href":"https:\/\/api.w.org\/{rel}","templated":true}]}}