{"id":58847,"date":"2017-10-10T00:00:00","date_gmt":"2017-10-10T06:00:00","guid":{"rendered":"https:\/\/dralvarez.com.mx\/larevista\/blog\/madrugando-y-trabajando-terminan-por-fin-su-secundaria-18452"},"modified":"2017-10-10T00:00:00","modified_gmt":"2017-10-10T06:00:00","slug":"madrugando-y-trabajando-terminan-por-fin-su-secundaria-18452","status":"publish","type":"post","link":"https:\/\/dralvarez.com.mx\/larevista\/yucatan\/madrugando-y-trabajando-terminan-por-fin-su-secundaria-18452","title":{"rendered":"Madrugando y trabajando terminan por fin su secundaria"},"content":{"rendered":"<\/p>\n<p>M\u00e9rida, Yucat\u00e1n; 9 de octubre de 2017.- Combinar estudios y un trabajo con horario nocturno no fue impedimento para que Julio Baas Balam terminara su secundaria y se sumara a sus compa\u00f1eros de Recipientes y Empaques de M\u00e9xico (Remsa) que recibieron sus certificados de estudios.<\/p>\n<p>\u201cNo importaba que trabajara en tercer turno, sab\u00eda que esto era algo beneficioso para m\u00ed, as\u00ed que sal\u00eda a las 6:00 de la ma\u00f1ana y regresaba a la 1:00 para estudiar. Fue casi un a\u00f1o que estuve as\u00ed, pero vali\u00f3 la pena; estoy seguro que, con mis estudios, puedo crecer y seguir adelante\u201d, asegur\u00f3.<\/p>\n<p>Durante la entrega de dichas acreditaciones, el titular de la Secretar\u00eda de Educaci\u00f3n del Gobierno del Estado (Segey), V\u00edctor Caballero Dur\u00e1n, explic\u00f3 que la confianza que las empresas tienen en la paz y seguridad de Yucat\u00e1n se traduce en inversi\u00f3n, lo cual ha generado m\u00e1s y mejores empleos, as\u00ed como un desarrollo econ\u00f3mico mayor que el de otras entidades del pa\u00eds.<\/p>\n<p>\u201cAl final del d\u00eda, una compa\u00f1\u00eda se conforma por instalaciones y procesos, pero todo eso no podr\u00eda moverse sin las personas: ustedes son una parte fundamental. Cuando las empresas designan espacio, tiempo y se comprometen con la formaci\u00f3n de su capital humano, mejoran sus procesos y los ayuda a ser m\u00e1s productivos\u201d, indic\u00f3.<\/p>\n<p>De esta manera, se otorg\u00f3 un certificado de alfabetizaci\u00f3n, dos de primaria y dos de secundaria a empleados de dicha firma, que durante su \u00faltima hora laboral o fuera de su horario acud\u00edan a su capacitaci\u00f3n.<\/p>\n<p>Asimismo, se otorg\u00f3 a Remsa el reconocimiento de \u201cEmpresa comprometida con la educaci\u00f3n de sus trabajadores\u201d, por promover y apoyar acciones para que su personal y sus familias concluyan su formaci\u00f3n b\u00e1sica.<\/p>\n<p>Dentro de esta labor, el Consejo Nacional de Educaci\u00f3n para la Vida y el Trabajo (Conevyt) coordina, promueve, vincula e impulsa programas para que los mexicanos accedan a procesos continuos de aprendizaje. En este sentido, los corporativos se convierten en fuertes aliados para abatir el rezago.<\/p>\n<p>Por su parte, el Instituto de Educaci\u00f3n para Adultos del Estado (Ieaey) tiene la encomienda de ayudar a quienes no pudieron concluir sus estudios, al brindarles todas las facilidades y materiales para que logren sus objetivos.<\/p>\n<p>Llevamos a cabo acciones contundentes en educaci\u00f3n, como las becas o los programas Bienestar Escolar y Digital, que permiten brindar cobertura y calidad a las nuevas generaciones, pero hablar de educaci\u00f3n no s\u00f3lo es hablar de la tradicional que vemos en escuelas, sino tambi\u00e9n es llevarla m\u00e1s all\u00e1 de las aulas y de la organizaci\u00f3n del sistema educativo tradicional, concluy\u00f3 Caballero Dur\u00e1n.<\/p>\n<p><\/p>\n","protected":false},"excerpt":{"rendered":"<p>Durante la entrega de dichas acreditaciones, el titular de la Secretar\u00eda de Educaci\u00f3n del Gobierno del Estado (Segey), V\u00edctor Caballero Dur\u00e1n, explic\u00f3<\/p>\n","protected":false},"author":1018,"featured_media":0,"comment_status":"open","ping_status":"open","sticky":false,"template":"","format":"standard","meta":{"tdm_status":"","tdm_grid_status":"","footnotes":""},"categories":[21],"tags":[],"_links":{"self":[{"href":"https:\/\/dralvarez.com.mx\/larevista\/wp-json\/wp\/v2\/posts\/58847"}],"collection":[{"href":"https:\/\/dralvarez.com.mx\/larevista\/wp-json\/wp\/v2\/posts"}],"about":[{"href":"https:\/\/dralvarez.com.mx\/larevista\/wp-json\/wp\/v2\/types\/post"}],"author":[{"embeddable":true,"href":"https:\/\/dralvarez.com.mx\/larevista\/wp-json\/wp\/v2\/users\/1018"}],"replies":[{"embeddable":true,"href":"https:\/\/dralvarez.com.mx\/larevista\/wp-json\/wp\/v2\/comments?post=58847"}],"version-history":[{"count":0,"href":"https:\/\/dralvarez.com.mx\/larevista\/wp-json\/wp\/v2\/posts\/58847\/revisions"}],"wp:attachment":[{"href":"https:\/\/dralvarez.com.mx\/larevista\/wp-json\/wp\/v2\/media?parent=58847"}],"wp:term":[{"taxonomy":"category","embeddable":true,"href":"https:\/\/dralvarez.com.mx\/larevista\/wp-json\/wp\/v2\/categories?post=58847"},{"taxonomy":"post_tag","embeddable":true,"href":"https:\/\/dralvarez.com.mx\/larevista\/wp-json\/wp\/v2\/tags?post=58847"}],"curies":[{"name":"wp","href":"https:\/\/api.w.org\/{rel}","templated":true}]}}